{"id":1088,"date":"2010-04-24T17:08:51","date_gmt":"2010-04-24T15:08:51","guid":{"rendered":"http:\/\/www.slovakdoublebassclub.com\/?p=1088"},"modified":"2014-04-28T14:44:08","modified_gmt":"2014-04-28T12:44:08","slug":"kontrabasisti-jana-krigovskeho-v-mestskom-muzeu","status":"publish","type":"post","link":"https:\/\/www.slovakdoublebassclub.com\/SK\/kontrabasisti-jana-krigovskeho-v-mestskom-muzeu\/","title":{"rendered":"Kontrabasisti J\u00e1na Krigovsk\u00e9ho v mestskom m\u00fazeu"},"content":{"rendered":"<p><a href=\"http:\/\/www.slovakdoublebassclub.com\/wp-content\/uploads\/2013\/10\/kontrabasisti-jana-krigovskeho-v-mestskom-muzeu-img4bd2c41909d12.jpg\"><img loading=\"lazy\" decoding=\"async\" class=\"size-medium wp-image-1089 alignleft\" style=\"font-size: 12px; line-height: 18px;\" alt=\"kontrabasisti-jana-krigovskeho-v-mestskom-muzeu-img4bd2c41909d12\" src=\"http:\/\/www.slovakdoublebassclub.com\/wp-content\/uploads\/2013\/10\/kontrabasisti-jana-krigovskeho-v-mestskom-muzeu-img4bd2c41909d12-300x200.jpg\" width=\"300\" height=\"200\" srcset=\"https:\/\/www.slovakdoublebassclub.com\/wp-content\/uploads\/2013\/10\/kontrabasisti-jana-krigovskeho-v-mestskom-muzeu-img4bd2c41909d12-300x200.jpg 300w, https:\/\/www.slovakdoublebassclub.com\/wp-content\/uploads\/2013\/10\/kontrabasisti-jana-krigovskeho-v-mestskom-muzeu-img4bd2c41909d12-600x400.jpg 600w, https:\/\/www.slovakdoublebassclub.com\/wp-content\/uploads\/2013\/10\/kontrabasisti-jana-krigovskeho-v-mestskom-muzeu-img4bd2c41909d12.jpg 640w\" sizes=\"auto, (max-width: 300px) 100vw, 300px\" \/><\/a><b>Pred dvoma t\u00fd\u017ed\u0148ami mali workshop, kde zalo\u017eili prv\u00fd kontrabasov\u00fd klub na\u00a0<\/b><b>Slovensku. K<\/b><b>ontrabasisti v minulosti nemali mo\u017enos\u0165 zahra\u0165 si spolu ako napr\u00edklad klaviristi, alebo \u010delisti. Dnes je kontrabas vo svete dos\u0165 popul\u00e1rny.<\/b>\u00a0<b>SERE\u010e<\/b>\u00a0| \u017diaci J\u00e1na Krigovsk\u00e9ho z Banskej Bystrice si mali mo\u017enos\u0165 spolu zahra\u0165 na kontrabase v mestskom m\u00fazeu. Na podujat\u00ed zazneli skladby od v\u00fdznamn\u00fdch komponistov a skladate\u013eov ako napr\u00edklad od W.A. Mozarta, F. Kreislera, J.S. Bacha a A. Dvo\u0159\u00e1ka. Ak by mali mo\u017enos\u0165 v\u0161etci t\u00edto umelci by\u0165 na koncerte, ur\u010dite by boli nad\u0161en\u00ed, ako dok\u00e1zali mlad\u00ed \u013eudia zahra\u0165 ich skladby. Za\u010diatok programu sa niesol v znamen\u00ed v\u00e1\u017enej hudby, ale pri konci programu obohatili umelci svoj prednes humorne. ,, Moji \u017eiaci cvi\u010dia dos\u0165, ale nie dostato\u010dne. \u010ci\u017ee na z\u00e1klade toho som vymyslel tento projekt, kde ka\u017ed\u00fd mesiac vym\u00fd\u0161\u013eame tieto koncerty. Najd\u00f4le\u017eitej\u0161ie na tom je, \u017ee muzic\u00edrujeme spolu. N\u00e1\u0161 n\u00e1zov je ,,Basy na\u0161e\u00b4\u00b4. Pod touto hlavi\u010dkou budeme fungova\u0165 aj \u010falej a toto zdru\u017eenie bude propagova\u0165 kontrabas. \u00b4\u00b4 Dodal J\u00e1n Krigovsk\u00fd. \u017diaci spolu s u\u010dite\u013eom J\u00e1nom Krigovsk\u00fdm hr\u00e1vaj\u00fa preto, aby si mohli spolu zahra\u0165 a tak sa z\u00e1rove\u0148 u\u010dia komunikova\u0165 s \u013eu\u010fmi. ,, Kontrabsisti \u017eij\u00fa v\u00e4\u010d\u0161inou osamote. Mne to vadilo preto to vzniklo. \u00b4\u00b4 Ako hos\u0165a si medzi seba pozvali n\u00e1dejn\u00e9ho muzikanta Karola Dani\u0161a. Ur\u010dite ka\u017ed\u00fd ob\u010dan tohto mesta m\u00f4\u017ee by\u0165 pr\u00e1vom hrd\u00fd, \u017ee poch\u00e1dza zo Serede. Karol Dani\u0161 za\u010dal na husliach hra\u0165 ako trojro\u010dn\u00fd a na Konzervat\u00f3rium nast\u00fapil ako p\u00e4\u0165ro\u010dn\u00fd. Moment\u00e1lne \u0161tuduje druh\u00fd ro\u010dn\u00edk na Konzervat\u00f3rium v Bratislave. Z\u00fa\u010dastnil sa s\u00fa\u0165a\u017e\u00ed na ktor\u00fdch obh\u00e1jil prv\u00e9 miesto t.j. s\u00fa\u0165a\u017e v \u010cesku, Talenty pre Eur\u00f3pu v Dolnom Kub\u00edne a naposledy na medzin\u00e1rodnej s\u00fa\u0165a\u017ei vo Weimare v Nemecku.\u00a0<b>,,Keby sa narodil v Amerike, hr\u00e1val by po celom svete v preplnen\u00fdch s\u00e1lach a v divadl\u00e1ch&#8220;<\/b>\u00a0zaznelo z \u00fast J\u00e1na Krigovsk\u00e9ho. Po skon\u010den\u00ed koncertu v\u0161etci odch\u00e1dzali spokojn\u00ed a v\u010fa\u010dn\u00ed, \u017ee kontrabasov\u00fd koncert sa uskuto\u010dnil v Mestskom m\u00fazeu v Seredi.<\/p>\n<p>Zdroj:\u00a0<a href=\"http:\/\/www.seredonline.sk\/clanky\/kontrabasisti-jana-krigovskeho-v-mestskom-muzeu\/\">http:\/\/www.seredonline.sk\/clanky\/kontrabasisti-jana-krigovskeho-v-mestskom-muzeu\/<\/a><\/p>\n<p>Autor:\u00a0Lukas Valentovic<\/p>\n<p>Datum:\u00a024. 04. 2010<\/p>\n","protected":false},"excerpt":{"rendered":"<p>Pred dvoma t\u00fd\u017ed\u0148ami mali workshop, kde zalo\u017eili prv\u00fd kontrabasov\u00fd klub na\u00a0Slovensku. Kontrabasisti v minulosti nemali mo\u017enos\u0165 zahra\u0165 si spolu ako napr\u00edklad klaviristi, alebo \u010delisti. Dnes je kontrabas vo svete dos\u0165 popul\u00e1rny.\u00a0SERE\u010e\u00a0| \u017diaci J\u00e1na Krigovsk\u00e9ho z Banskej Bystrice si mali mo\u017enos\u0165 &hellip; <a href=\"https:\/\/www.slovakdoublebassclub.com\/SK\/kontrabasisti-jana-krigovskeho-v-mestskom-muzeu\/\">Continued<\/a><\/p>\n","protected":false},"author":6,"featured_media":1089,"comment_status":"closed","ping_status":"closed","sticky":false,"template":"","format":"standard","meta":{"ngg_post_thumbnail":0,"footnotes":""},"categories":[16],"tags":[],"class_list":["post-1088","post","type-post","status-publish","format-standard","has-post-thumbnail","hentry","category-napisali-o-nas"],"_links":{"self":[{"href":"https:\/\/www.slovakdoublebassclub.com\/SK\/wp-json\/wp\/v2\/posts\/1088","targetHints":{"allow":["GET"]}}],"collection":[{"href":"https:\/\/www.slovakdoublebassclub.com\/SK\/wp-json\/wp\/v2\/posts"}],"about":[{"href":"https:\/\/www.slovakdoublebassclub.com\/SK\/wp-json\/wp\/v2\/types\/post"}],"author":[{"embeddable":true,"href":"https:\/\/www.slovakdoublebassclub.com\/SK\/wp-json\/wp\/v2\/users\/6"}],"replies":[{"embeddable":true,"href":"https:\/\/www.slovakdoublebassclub.com\/SK\/wp-json\/wp\/v2\/comments?post=1088"}],"version-history":[{"count":1,"href":"https:\/\/www.slovakdoublebassclub.com\/SK\/wp-json\/wp\/v2\/posts\/1088\/revisions"}],"predecessor-version":[{"id":1090,"href":"https:\/\/www.slovakdoublebassclub.com\/SK\/wp-json\/wp\/v2\/posts\/1088\/revisions\/1090"}],"wp:featuredmedia":[{"embeddable":true,"href":"https:\/\/www.slovakdoublebassclub.com\/SK\/wp-json\/wp\/v2\/media\/1089"}],"wp:attachment":[{"href":"https:\/\/www.slovakdoublebassclub.com\/SK\/wp-json\/wp\/v2\/media?parent=1088"}],"wp:term":[{"taxonomy":"category","embeddable":true,"href":"https:\/\/www.slovakdoublebassclub.com\/SK\/wp-json\/wp\/v2\/categories?post=1088"},{"taxonomy":"post_tag","embeddable":true,"href":"https:\/\/www.slovakdoublebassclub.com\/SK\/wp-json\/wp\/v2\/tags?post=1088"}],"curies":[{"name":"wp","href":"https:\/\/api.w.org\/{rel}","templated":true}]}}