{"id":12223,"date":"2019-08-22T12:00:41","date_gmt":"2019-08-22T10:00:41","guid":{"rendered":"https:\/\/www.slovakdoublebassclub.com\/?p=12223"},"modified":"2019-08-28T12:10:15","modified_gmt":"2019-08-28T10:10:15","slug":"bass-camp-for-children","status":"publish","type":"post","link":"https:\/\/www.slovakdoublebassclub.com\/SK\/bass-camp-for-children\/","title":{"rendered":"BASS CAMP pre najmen\u0161\u00edch"},"content":{"rendered":"<p style=\"text-align: center;\"><strong><em><a href=\"https:\/\/www.slovakdoublebassclub.com\/wp-content\/uploads\/2019\/08\/IMG_4868.jpg\"><br \/>\n<\/a>V\u00e1\u017een\u00ed kolegovia, priatelia!<\/em><\/strong><\/p>\n<p style=\"text-align: center;\">&nbsp;<\/p>\n<p style=\"text-align: center;\"><strong>Slovak Double Bass Club,&nbsp;<\/strong>ob\u010dianske zdru\u017eenie sa sna\u017e\u00ed u\u017e&nbsp;<strong>10 rokov<\/strong>&nbsp;na slovensku spoluvytv\u00e1ra\u0165 prostredie pre podporu medzin\u00e1rodn\u00fdch eduka\u010dn\u00fdch projektov, koncertov, workshopov. Aj v\u010faka va\u0161ej podpore sa n\u00e1m podarilo &nbsp;uskuto\u010dni\u0165 9. ro\u010dn\u00edkov medzin\u00e1rodn\u00fdch interpreta\u010dn\u00fdch kurzov a medzin\u00e1rodnej kontrabasovej s\u00fa\u0165a\u017ee. Vydali sme noty so slovenskou kontrabasovou tvorbou, vydali sme spolu 5 CD nosi\u010dov a pod&#8230;<\/p>\n<p style=\"text-align: center;\">&nbsp;<\/p>\n<p style=\"text-align: center;\">Na z\u00e1klade na\u0161ich profesion\u00e1lnych ale i osobn\u00fdch sk\u00fasenost\u00ed si uvedomujeme u\u017e dlh\u0161\u00ed \u010das potrebu podpory najmen\u0161ej, resp. najmlad\u0161ej gener\u00e1cie kontrabasistov, za\u010d\u00ednaj\u00facich \u017eiakov. Pr\u00e1ve tu za\u010d\u00edna v\u00fdchova a postoj ako i n\u00e1sledn\u00fd v\u00fdvoj a potencion\u00e1lny profesion\u00e1lny \u017eivot hudobn\u00edka.&nbsp;<\/p>\n<p style=\"text-align: center;\"><strong><em>&#8222;Deti s\u00fa pre n\u00e1s v\u0161etk\u00fdch t\u00fdm najpodstatnej\u0161\u00edm a s\u00fa pre n\u00e1s bud\u00facnos\u0165ou.&#8220;<\/em><\/strong><strong>&nbsp;<\/strong><\/p>\n<p style=\"text-align: center;\">Z na\u0161ich zahrani\u010dn\u00fdch sk\u00fasenost\u00ed z okolit\u00fdch \u0161t\u00e1tov&nbsp;<em>(Po\u013esko, Ma\u010farsko, Rak\u00fasko, \u010cesko)<\/em>, si uvedomujeme zodpovednos\u0165 a potrebu podpory tejto najd\u00f4le\u017eitej\u0161ej &#8222;zlo\u017eky&#8220;, ktor\u00e1 je \u017eia\u013e na Slovensku dlhodobo zanedb\u00e1van\u00e1. Aj napriek snah\u00e1m viacer\u00fdm akt\u00edvnym pedag\u00f3gom, je st\u00e1le t\u00e1 najmlad\u0161ia skupina \u017eia\u010dikov ve\u013emi m\u00e1lo podporovan\u00e1.&nbsp;<\/p>\n<p style=\"text-align: center;\">&nbsp;<\/p>\n<p style=\"text-align: center;\">Preto sme sa ako OZ, ktor\u00e9 m\u00e1 ist\u00fdm sp\u00f4sobom mo\u017enosti z\u00edskava\u0165 potrebn\u00fa podporu a m\u00e1 to nakoniec aj vo svojich stanov\u00e1ch, rozhodli o prv\u00fd krok a poz\u00fdvame v\u0161etk\u00fdch, ktor\u00ed sa ak\u00fdmko\u013evek sp\u00f4sobom vedia zapoji\u0165, alebo s\u00fa akt\u00edvni v pedagogickej pr\u00e1ci, alebo maj\u00fa svoje deti, ktor\u00e9 by chceli hra\u0165 na kontrabase a pod. na prv\u00fd&nbsp;<\/p>\n<p style=\"text-align: center;\">&nbsp;<\/p>\n<p style=\"text-align: center;\"><strong>BASS CAMP<\/strong>&nbsp;<em>pre najmen\u0161\u00edch<\/em><\/p>\n<p style=\"text-align: center;\">d\u0148a&nbsp;<strong>7.9 o 10.00<\/strong>&nbsp; &nbsp;<\/p>\n<p style=\"text-align: center;\">v&nbsp;<strong>Ivanke pri Dunaji (ka\u0161tie\u013e)<\/strong><\/p>\n<p style=\"text-align: center;\">&nbsp;<\/p>\n<p style=\"text-align: center;\">Na programe:<\/p>\n<p style=\"text-align: center;\">Dielka pre kontrabasov\u00fd orchester od skladate\u013ea&nbsp;<strong>V\u00ed\u0165azoslava Kubi\u010dku<\/strong>:<\/p>\n<p style=\"text-align: center;\"><strong><em>&#8222;Canzone Slovacca&#8220;<\/em><\/strong><\/p>\n<p style=\"text-align: center;\"><strong><em>&#8222;Tecie voda a mlyn\u010deky klepoc\u00fa&#8220;<\/em><\/strong><\/p>\n<p style=\"text-align: center;\"><strong><em>&#8222;Medve\u010f&#8220;<\/em><\/strong><\/p>\n<p style=\"text-align: center;\"><strong><em>&#8222;Bobry&#8220;<\/em><\/strong><\/p>\n<p style=\"text-align: center;\"><strong><em>&#8222;Les&#8220;<\/em><\/strong><\/p>\n<p style=\"text-align: center;\">&nbsp;<\/p>\n<p style=\"text-align: center;\"><strong><em>Nacvi\u010den\u00fd program bude s\u00fa\u010das\u0165ou otv\u00e1racieho koncertu&nbsp;<\/em><\/strong><\/p>\n<p style=\"text-align: center;\"><strong><em> ro\u010dn\u00edka medzin\u00e1rodn\u00fdch interpreta\u010dn\u00fdch kurzov BASS FEST+2019 v Banskej Bystrici&nbsp;<\/em><\/strong><\/p>\n<p style=\"text-align: center;\"><strong><em>d\u0148a 23. septembra 2019 o 18:00. open air koncert &#8222;kostol sv. Al\u017ebety<\/em><\/strong><\/p>\n<p style=\"text-align: center;\"><strong><em>(od 14:00 gener\u00e1lka, kostol sv. Al\u017ebety)<\/em><\/strong><\/p>\n<p style=\"text-align: center;\">&nbsp;<\/p>\n<p style=\"text-align: center;\"><strong><em>Ka\u017ed\u00e9mu \u00fa\u010dastn\u00edkovi projektu (\u017eiakovi aj jeho u\u010dite\u013eovi) bude preplaten\u00e1 cesta (benz\u00edn) a je pozvan\u00fd na spolo\u010dn\u00fd obed. &nbsp;<\/em><\/strong><\/p>\n<p style=\"text-align: center;\">&nbsp;<\/p>\n<p style=\"text-align: center;\"><strong><em>Pros\u00edme z\u00e1rove\u0148 o \u0161\u00edrenie tohoto mailu medzi va\u0161ich zn\u00e1mych, pedag\u00f3gov, ktor\u00ed by mali o t\u00fato akciu z\u00e1ujem.&nbsp;<\/em><\/strong><\/p>\n<p style=\"text-align: center;\"><strong><em>S \u00factou a pozdravom:&nbsp;<\/em><\/strong><\/p>\n<p style=\"text-align: center;\">&nbsp;<\/p>\n<p style=\"text-align: center;\"><strong><em>SDBC<\/em><\/strong><\/p>\n<p style=\"text-align: center;\">&nbsp;<\/p>\n<p style=\"text-align: center;\">Pr\u00edpadn\u00fd z\u00e1ujem, \u010di va\u0161e ot\u00e1zky radi zodpovieme osobne na tel \u010d\u00edsle.:<\/p>\n<p style=\"text-align: center;\">Mgr. art. J\u00e1n Krigovsk\u00fd ArtD +421 905 513 677<\/p>\n<p style=\"text-align: center;\">mail: jkrigovsky@centrum.sk, slovakdoublebassclub@gmail.com<\/p>\n<p>&nbsp;<\/p>\n<p><strong><em><a href=\"https:\/\/www.slovakdoublebassclub.com\/wp-content\/uploads\/2019\/08\/IMG_4868.jpg\"><img loading=\"lazy\" decoding=\"async\" class=\"aligncenter wp-image-12381 size-large\" src=\"https:\/\/www.slovakdoublebassclub.com\/wp-content\/uploads\/2019\/08\/IMG_4868-724x1024.jpg\" alt=\"\" width=\"724\" height=\"1024\" srcset=\"https:\/\/www.slovakdoublebassclub.com\/wp-content\/uploads\/2019\/08\/IMG_4868-724x1024.jpg 724w, https:\/\/www.slovakdoublebassclub.com\/wp-content\/uploads\/2019\/08\/IMG_4868-600x848.jpg 600w, https:\/\/www.slovakdoublebassclub.com\/wp-content\/uploads\/2019\/08\/IMG_4868-212x300.jpg 212w, https:\/\/www.slovakdoublebassclub.com\/wp-content\/uploads\/2019\/08\/IMG_4868-768x1086.jpg 768w, https:\/\/www.slovakdoublebassclub.com\/wp-content\/uploads\/2019\/08\/IMG_4868.jpg 827w\" sizes=\"auto, (max-width: 724px) 100vw, 724px\" \/><\/a><\/em><\/strong><\/p>\n<p style=\"text-align: center;\">&nbsp;<\/p>","protected":false},"excerpt":{"rendered":"<p>V\u00e1\u017een\u00ed kolegovia, priatelia! &nbsp; Slovak Double Bass Club,&nbsp;ob\u010dianske zdru\u017eenie sa sna\u017e\u00ed u\u017e&nbsp;10 rokov&nbsp;na slovensku spoluvytv\u00e1ra\u0165 prostredie pre podporu medzin\u00e1rodn\u00fdch eduka\u010dn\u00fdch projektov, koncertov, workshopov. Aj v\u010faka va\u0161ej podpore sa n\u00e1m podarilo &nbsp;uskuto\u010dni\u0165 9. ro\u010dn\u00edkov medzin\u00e1rodn\u00fdch interpreta\u010dn\u00fdch kurzov a medzin\u00e1rodnej kontrabasovej s\u00fa\u0165a\u017ee. &hellip; <a href=\"https:\/\/www.slovakdoublebassclub.com\/SK\/bass-camp-for-children\/\">Continued<\/a><\/p>\n","protected":false},"author":5,"featured_media":12381,"comment_status":"closed","ping_status":"open","sticky":false,"template":"","format":"standard","meta":{"ngg_post_thumbnail":0,"footnotes":""},"categories":[13],"tags":[],"class_list":["post-12223","post","type-post","status-publish","format-standard","has-post-thumbnail","hentry","category-aktuality"],"_links":{"self":[{"href":"https:\/\/www.slovakdoublebassclub.com\/SK\/wp-json\/wp\/v2\/posts\/12223","targetHints":{"allow":["GET"]}}],"collection":[{"href":"https:\/\/www.slovakdoublebassclub.com\/SK\/wp-json\/wp\/v2\/posts"}],"about":[{"href":"https:\/\/www.slovakdoublebassclub.com\/SK\/wp-json\/wp\/v2\/types\/post"}],"author":[{"embeddable":true,"href":"https:\/\/www.slovakdoublebassclub.com\/SK\/wp-json\/wp\/v2\/users\/5"}],"replies":[{"embeddable":true,"href":"https:\/\/www.slovakdoublebassclub.com\/SK\/wp-json\/wp\/v2\/comments?post=12223"}],"version-history":[{"count":2,"href":"https:\/\/www.slovakdoublebassclub.com\/SK\/wp-json\/wp\/v2\/posts\/12223\/revisions"}],"predecessor-version":[{"id":12382,"href":"https:\/\/www.slovakdoublebassclub.com\/SK\/wp-json\/wp\/v2\/posts\/12223\/revisions\/12382"}],"wp:featuredmedia":[{"embeddable":true,"href":"https:\/\/www.slovakdoublebassclub.com\/SK\/wp-json\/wp\/v2\/media\/12381"}],"wp:attachment":[{"href":"https:\/\/www.slovakdoublebassclub.com\/SK\/wp-json\/wp\/v2\/media?parent=12223"}],"wp:term":[{"taxonomy":"category","embeddable":true,"href":"https:\/\/www.slovakdoublebassclub.com\/SK\/wp-json\/wp\/v2\/categories?post=12223"},{"taxonomy":"post_tag","embeddable":true,"href":"https:\/\/www.slovakdoublebassclub.com\/SK\/wp-json\/wp\/v2\/tags?post=12223"}],"curies":[{"name":"wp","href":"https:\/\/api.w.org\/{rel}","templated":true}]}}