{"id":1247,"date":"2013-10-22T11:47:04","date_gmt":"2013-10-22T09:47:04","guid":{"rendered":"http:\/\/www.slovakdoublebassclub.com\/?p=1247"},"modified":"2014-04-28T14:37:00","modified_gmt":"2014-04-28T12:37:00","slug":"pozvanka-na-oratorium-svateho-filipa-neriho","status":"publish","type":"post","link":"https:\/\/www.slovakdoublebassclub.com\/SK\/pozvanka-na-oratorium-svateho-filipa-neriho\/","title":{"rendered":"Pozv\u00e1nka na Orat\u00f3rium sv\u00e4t\u00e9ho Filipa Neriho"},"content":{"rendered":"<p><a href=\"http:\/\/www.slovakdoublebassclub.com\/wp-content\/uploads\/2013\/10\/Teresia-z-Lisieux.jpg\"><img loading=\"lazy\" decoding=\"async\" class=\"size-medium wp-image-1248 alignleft\" alt=\"Teresia z Lisieux\" src=\"http:\/\/www.slovakdoublebassclub.com\/wp-content\/uploads\/2013\/10\/Teresia-z-Lisieux-211x300.jpg\" width=\"211\" height=\"300\" srcset=\"https:\/\/www.slovakdoublebassclub.com\/wp-content\/uploads\/2013\/10\/Teresia-z-Lisieux-211x300.jpg 211w, https:\/\/www.slovakdoublebassclub.com\/wp-content\/uploads\/2013\/10\/Teresia-z-Lisieux-600x850.jpg 600w, https:\/\/www.slovakdoublebassclub.com\/wp-content\/uploads\/2013\/10\/Teresia-z-Lisieux-723x1024.jpg 723w, https:\/\/www.slovakdoublebassclub.com\/wp-content\/uploads\/2013\/10\/Teresia-z-Lisieux.jpg 904w\" sizes=\"auto, (max-width: 211px) 100vw, 211px\" \/><\/a>\u00a0Srde\u010dne v\u00e1s poz\u00fdvame na <strong>stretnutie Ve\u013ek\u00e9ho Orat\u00f3ria<\/strong> pod veden\u00edm otca Juraja Vitteka.<\/p>\n<p>Hudobne sprev\u00e1dza kontrabasov\u00e9 kvarteto Bass Band + hostia pod veden\u00edm J\u00e1na Krigovsk\u00e9ho.<\/p>\n<p><strong>\u0160tvrtok 24. novembra 2013<\/strong> <strong>o 20:00 v Pastora\u010dnom centre v Senci.<\/strong><\/p>\n","protected":false},"excerpt":{"rendered":"<p>\u00a0Srde\u010dne v\u00e1s poz\u00fdvame na stretnutie Ve\u013ek\u00e9ho Orat\u00f3ria pod veden\u00edm otca Juraja Vitteka. Hudobne sprev\u00e1dza kontrabasov\u00e9 kvarteto Bass Band + hostia pod veden\u00edm J\u00e1na Krigovsk\u00e9ho. \u0160tvrtok 24. novembra 2013 o 20:00 v Pastora\u010dnom centre v Senci.<\/p>\n","protected":false},"author":6,"featured_media":1248,"comment_status":"closed","ping_status":"closed","sticky":false,"template":"","format":"standard","meta":{"ngg_post_thumbnail":0,"footnotes":""},"categories":[11,15],"tags":[25],"class_list":["post-1247","post","type-post","status-publish","format-standard","has-post-thumbnail","hentry","category-bass-band","category-koncerty","tag-svata-terezia-z-lisieux"],"_links":{"self":[{"href":"https:\/\/www.slovakdoublebassclub.com\/SK\/wp-json\/wp\/v2\/posts\/1247","targetHints":{"allow":["GET"]}}],"collection":[{"href":"https:\/\/www.slovakdoublebassclub.com\/SK\/wp-json\/wp\/v2\/posts"}],"about":[{"href":"https:\/\/www.slovakdoublebassclub.com\/SK\/wp-json\/wp\/v2\/types\/post"}],"author":[{"embeddable":true,"href":"https:\/\/www.slovakdoublebassclub.com\/SK\/wp-json\/wp\/v2\/users\/6"}],"replies":[{"embeddable":true,"href":"https:\/\/www.slovakdoublebassclub.com\/SK\/wp-json\/wp\/v2\/comments?post=1247"}],"version-history":[{"count":1,"href":"https:\/\/www.slovakdoublebassclub.com\/SK\/wp-json\/wp\/v2\/posts\/1247\/revisions"}],"predecessor-version":[{"id":1249,"href":"https:\/\/www.slovakdoublebassclub.com\/SK\/wp-json\/wp\/v2\/posts\/1247\/revisions\/1249"}],"wp:featuredmedia":[{"embeddable":true,"href":"https:\/\/www.slovakdoublebassclub.com\/SK\/wp-json\/wp\/v2\/media\/1248"}],"wp:attachment":[{"href":"https:\/\/www.slovakdoublebassclub.com\/SK\/wp-json\/wp\/v2\/media?parent=1247"}],"wp:term":[{"taxonomy":"category","embeddable":true,"href":"https:\/\/www.slovakdoublebassclub.com\/SK\/wp-json\/wp\/v2\/categories?post=1247"},{"taxonomy":"post_tag","embeddable":true,"href":"https:\/\/www.slovakdoublebassclub.com\/SK\/wp-json\/wp\/v2\/tags?post=1247"}],"curies":[{"name":"wp","href":"https:\/\/api.w.org\/{rel}","templated":true}]}}