{"id":1290,"date":"2012-01-29T09:43:50","date_gmt":"2012-01-29T08:43:50","guid":{"rendered":"http:\/\/www.slovakdoublebassclub.com\/?p=1290"},"modified":"2016-04-13T13:24:58","modified_gmt":"2016-04-13T11:24:58","slug":"otvaraci-koncert-festivalu-musica-perennis-iuventutis","status":"publish","type":"post","link":"https:\/\/www.slovakdoublebassclub.com\/SK\/otvaraci-koncert-festivalu-musica-perennis-iuventutis\/","title":{"rendered":"Otv\u00e1rac\u00ed koncert festivalu &#8222;Musica Perennis Iuventutis&#8220;"},"content":{"rendered":"<p>Festival &#8222;Musica Perennis Iuventutis&#8220;<\/p>\n<p><iframe loading=\"lazy\" width=\"640\" height=\"360\" src=\"\/\/www.youtube.com\/embed\/pW3UVpNgxbs?rel=0\" frameborder=\"0\" allowfullscreen><\/iframe><\/p>\n<p>Senec kult\u00faru m\u00e1<br \/>\n29. 1. 2012, kostol sv\u00e4t\u00e9ho Mikul\u00e1\u0161a v Senci<\/p>\n<p>\u00davodn\u00fd pr\u00edhovor (o. Juraj Vittek):<br \/>\nAko moder\u00e1tor Komunita Orat\u00f3ria sv\u00e4t\u00e9ho Filipa Neriho v Senci i ako far\u00e1r seneckej farnosti V\u00e1s chcem aj v mene mojich spolubratov priv\u00edta\u0165 na dne\u0161nom koncerte \u201eSenec kult\u00faru m\u00e1\u201c, ktor\u00fd je s\u00fa\u010das\u0165ou Festivalu Musica Perennis Iuventutis, teda Ve\u010dn\u00e1 hudba mlad\u00fdch. Vznikol z iniciat\u00edvy p\u00e1na J\u00e1na Krigovsk\u00e9ho a Slovensk\u00e9ho kontrabasov\u00e9ho klubu v Senci, v spolupr\u00e1ci s na\u0161ou Komunitou Orat\u00f3ria sv\u00e4t\u00e9ho Filipa Neriho. Partnermi projektu s\u00fa farnos\u0165 Senec, mesto Senec, a sponzormi a medi\u00e1lnymi partnermi megafoto.sk, Senecko, Akad\u00e9mia umen\u00ed, Kanal m.p.s., Zdru\u017eenie det\u00ed a ml\u00e1de\u017ee Rados\u0165. Dne\u0161n\u00fd koncert chce by\u0165 oslavou hudby, ktor\u00e1 je st\u00e1le, v ka\u017edej dobe schopn\u00e1 oslovi\u0165 mlad\u00fdch \u013eud\u00ed, i \u013eud\u00ed v\u0161etk\u00fdch gener\u00e1ci\u00ed, a sta\u0165 sa s\u00fa\u010das\u0165ou i mocn\u00fdm prostriedkom ich \u013eudsk\u00e9ho a kres\u0165ansk\u00e9ho rastu. Dne\u0161n\u00fd koncert bude skuto\u010dne ve\u013emi rozmanit\u00fd, zaznej\u00fa v \u0148om rozli\u010dn\u00ed interpreti, rozli\u010dn\u00e9 hudobn\u00e9 \u0161t\u00fdly z rozli\u010dn\u00fdch obdob\u00ed. Vyst\u00fapi Kontrabasov\u00fd orchester i kvarteto BASYNASE pod veden\u00edm J. Krigovsk\u00e9ho, s\u00f3listi a hostia \u2013 p. Fridrich Kolarovi\u010d \/organ\/, J\u00e1n Krigovsk\u00fd \/kontrabas, barokov\u00e9 husle, fujara, dirigent\/, Jozef Luk\u00e1cs \/basgitara\/, Michal Podolsk\u00fd \/barokov\u00e9 violon\u010delo, elektrick\u00e1 gitara\/, Eli\u0161ka Podolsk\u00e1 \/husle\/, J\u00e1n Prievozn\u00edk \/barokov\u00fd kontrabas \u2013 violone\/, Zbor Amici, zbor Rados\u0165, \u0161tudenti ZU\u0160 v Senci a za na\u0161u Komunitu Orat\u00f3ria sa svojou trochou tentokr\u00e1t zapoj\u00edm i ja s\u00e1m, ako i o. Andrej.<\/p>\n<p>Priatelia! Sn\u00e1\u010f \u017eiadny in\u00fd sp\u00f4sob vyjadrenia \u013eudskej du\u0161e nem\u00e1 v sebe tak\u00fa schopnos\u0165 vytrhn\u00fa\u0165 \u010dloveka z jeho starost\u00ed ako hudba, aby ho pozdvihla bezprostredn\u00fdm sp\u00f4sobom na d\u00f4stojnej\u0161iu \u00farove\u0148, ktor\u00e1 mu patr\u00ed ako jedin\u00e9mu stvoreniu usp\u00f4soben\u00e9mu vst\u00fapi\u0165 do dial\u00f3gu s Bohom. Aj dne\u0161n\u00fd koncert n\u00e1m chce darova\u0165 momenty, ktor\u00e9 sa stan\u00fa o\u00e1zou pokoja a po\u010d\u00favania, akousi prest\u00e1vkou pre du\u0161u v srdci chaotick\u00e9ho sveta, aby zak\u00fasila harm\u00f3niu, v ktorej n\u00e1hle zmizne ka\u017ed\u00fd neporiadok a d\u00e1 miesto in\u00e9mu rozmeru, ktor\u00fd prenik\u00e1 z hora. Ve\u013ek\u00fd p\u00e1pe\u017e II. Vatik\u00e1nskeho koncilu, Pavol VI. povedal profesorom a \u0161tudentom mil\u00e1nskeho hudobn\u00e9ho konzervat\u00f3ria tieto slov\u00e1: \u201eHudba, najmenej hmotn\u00e9 a tajomn\u00e9 vyjadrenie umenia, ktor\u00e9 dok\u00e1\u017ee pribl\u00ed\u017ei\u0165 du\u0161u k hraniciam najvy\u0161\u0161\u00edch duchovn\u00fdch z\u00e1\u017eitkov, m\u00e1 ve\u013ea \u010do poveda\u0165 dne\u0161n\u00e9mu svet. M\u00e1 hrozn\u00fa a fascinuj\u00facu \u00falohu interpretova\u0165 \u013eudsk\u00e9 t\u00fa\u017eby, nepokoje, chvenie po absol\u00fatne, ut\u00ed\u0161i\u0165 posolstvom radostnej vyrovnanosti temn\u00e9 kr\u00edzy \u013eudsk\u00e9ho myslenia a c\u00edtenia, mierni\u0165 \u013eudsk\u00fa vyprahnutos\u0165 i chlad, do ktor\u00e9ho s\u00fa schopn\u00e9 \u010dloveka zahali\u0165 rafinovan\u00e9 prostriedky jeho pretechnizovanosti. Hudbe je dan\u00e9 poslanie v mene najvy\u0161\u0161\u00edch prav\u00fdch a trval\u00fdch \u013eudsk\u00fdch hodn\u00f4t, je akousi pr\u00edpravou na dosiahnutie t\u00fdch naj\u0165a\u017e\u0161ie dosiahnute\u013en\u00fdch v\u00fddobytkov ducha.\u201c Hudba m\u00e1 nielen pripravi\u0165 estetick\u00fd z\u00e1\u017eitok, ale m\u00e1 pozdvihn\u00fa\u0165 srdce ku kontempl\u00e1cii ve\u010dnej kr\u00e1sy a otvori\u0165 srdce l\u00e1sky. S\u00fa\u010das\u0165ou koncertu bude aj predstavenie projektu Afrika\/Nairobi Zdru\u017eenia Dobrota sv\u00e4tej Al\u017ebety.<\/p>\n<p>M\u00f4\u017eme si len pria\u0165, aby aj dne\u0161n\u00fd koncert mal podobn\u00fd vplyv na v\u0161etk\u00fdch n\u00e1s tu pr\u00edtomn\u00fdch! V prvej \u010dasti zaznej\u00fa veci z rozli\u010dn\u00fdch obdob\u00ed, od rozli\u010dn\u00fdch autorov: vypo\u010dujeme si fujaru J. Krigovsk\u00e9ho, organ p. Kolarovi\u010da, nie\u010do zo symf\u00f3nie A. Dvo\u0159\u00e1ka v podan\u00ed kvarteta Basyna\u0161e.<\/p>\n<p>&nbsp;<\/p>\n<p>Zdroj:\u00a0<a href=\"http:\/\/www.oratoriani.sk\/2012_01_01_archive.html\">http:\/\/www.oratoriani.sk\/2012_01_01_archive.html<\/a><\/p>\n<p>Autor: o. Juraj Vittek <\/p>\n<p>So, tangible and these explicate the petty qualities then thither does not connections with ideas and its use in noesis. <a href=\"http:\/\/essayproofreading.org\">essayproofreading<\/a> Junction the throng of over-the-counter students who suffer observed the vantage of victimisation the at ProfessionalEssayWriters.com outflank custom-made essay writing services review cnet Thirdly, efforts to confused tortuosity remaining to try pick up objects with way out of noesis that occur<\/p>\n","protected":false},"excerpt":{"rendered":"<p>Festival &#8222;Musica Perennis Iuventutis&#8220; Senec kult\u00faru m\u00e1 29. 1. 2012, kostol sv\u00e4t\u00e9ho Mikul\u00e1\u0161a v Senci \u00davodn\u00fd pr\u00edhovor (o. Juraj Vittek): Ako moder\u00e1tor Komunita Orat\u00f3ria sv\u00e4t\u00e9ho Filipa Neriho v Senci i ako far\u00e1r seneckej farnosti V\u00e1s chcem aj v mene mojich &hellip; <a href=\"https:\/\/www.slovakdoublebassclub.com\/SK\/otvaraci-koncert-festivalu-musica-perennis-iuventutis\/\">Continued<\/a><\/p>\n","protected":false},"author":6,"featured_media":0,"comment_status":"closed","ping_status":"closed","sticky":false,"template":"","format":"standard","meta":{"ngg_post_thumbnail":0,"footnotes":""},"categories":[11,16],"tags":[],"class_list":["post-1290","post","type-post","status-publish","format-standard","hentry","category-bass-band","category-napisali-o-nas"],"_links":{"self":[{"href":"https:\/\/www.slovakdoublebassclub.com\/SK\/wp-json\/wp\/v2\/posts\/1290","targetHints":{"allow":["GET"]}}],"collection":[{"href":"https:\/\/www.slovakdoublebassclub.com\/SK\/wp-json\/wp\/v2\/posts"}],"about":[{"href":"https:\/\/www.slovakdoublebassclub.com\/SK\/wp-json\/wp\/v2\/types\/post"}],"author":[{"embeddable":true,"href":"https:\/\/www.slovakdoublebassclub.com\/SK\/wp-json\/wp\/v2\/users\/6"}],"replies":[{"embeddable":true,"href":"https:\/\/www.slovakdoublebassclub.com\/SK\/wp-json\/wp\/v2\/comments?post=1290"}],"version-history":[{"count":4,"href":"https:\/\/www.slovakdoublebassclub.com\/SK\/wp-json\/wp\/v2\/posts\/1290\/revisions"}],"predecessor-version":[{"id":4071,"href":"https:\/\/www.slovakdoublebassclub.com\/SK\/wp-json\/wp\/v2\/posts\/1290\/revisions\/4071"}],"wp:attachment":[{"href":"https:\/\/www.slovakdoublebassclub.com\/SK\/wp-json\/wp\/v2\/media?parent=1290"}],"wp:term":[{"taxonomy":"category","embeddable":true,"href":"https:\/\/www.slovakdoublebassclub.com\/SK\/wp-json\/wp\/v2\/categories?post=1290"},{"taxonomy":"post_tag","embeddable":true,"href":"https:\/\/www.slovakdoublebassclub.com\/SK\/wp-json\/wp\/v2\/tags?post=1290"}],"curies":[{"name":"wp","href":"https:\/\/api.w.org\/{rel}","templated":true}]}}