{"id":1606,"date":"2013-12-27T09:52:13","date_gmt":"2013-12-27T08:52:13","guid":{"rendered":"http:\/\/www.slovakdoublebassclub.com\/?p=1606"},"modified":"2014-04-28T14:34:07","modified_gmt":"2014-04-28T12:34:07","slug":"bass-band-v-kulturtipp-ch","status":"publish","type":"post","link":"https:\/\/www.slovakdoublebassclub.com\/SK\/bass-band-v-kulturtipp-ch\/","title":{"rendered":"Bass Band v KulturTipp (CH)"},"content":{"rendered":"<header>\n<h1><a href=\"http:\/\/www.slovakdoublebassclub.com\/wp-content\/uploads\/2013\/12\/kulturtipp-swiss-001.jpg\"><img loading=\"lazy\" decoding=\"async\" class=\"size-medium wp-image-1635 alignleft\" alt=\"kulturtipp-swiss-001\" src=\"http:\/\/www.slovakdoublebassclub.com\/wp-content\/uploads\/2013\/12\/kulturtipp-swiss-001-214x300.jpg\" width=\"214\" height=\"300\" srcset=\"https:\/\/www.slovakdoublebassclub.com\/wp-content\/uploads\/2013\/12\/kulturtipp-swiss-001-214x300.jpg 214w, https:\/\/www.slovakdoublebassclub.com\/wp-content\/uploads\/2013\/12\/kulturtipp-swiss-001.jpg 500w\" sizes=\"auto, (max-width: 214px) 100vw, 214px\" \/><\/a>Der Bass in Wort und Klang<\/h1>\n<p><em>Kulturtipp\u00a026\/2013 vom 11. Dezember 2013<\/em>von Frank von Niederh\u00e4usern, Redaktor kulturtipp<\/p>\n<\/header>\n<p>Das Theater Ticino in W\u00e4denswil kombiniert Patrick S\u00fcskinds St\u00fcck \u00abDer Kontrabass\u00bb mit einem Bass-Konzert.\u00a0Ein namenloser Opernmusiker referiert \u00fcber den Kontrabass. Sein Instrument ist zwar das gr\u00f6sste im Orchestergraben, f\u00fcr ihn aber auch ein unhandliches Ding, das er liebt und hasst zugleich. Mit seinem B\u00fchnenmonolog \u00abDer Kontrabass\u00bb hat Patrick S\u00fcskind 1984, ein Jahr vor seinem Roman \u00abDas Parfum\u00bb, einen Grosserfolg gelandet. In W\u00e4denswil ist das St\u00fcck in ungew\u00f6hnlichem Rahmen zu sehen: Umspielt von der slowakischen Bass Band, die auf vier Kontrab\u00e4ssen klassische Werke spielt. So auch Mozarts Divertimento in D-Dur, von dem im \u00abKontrabass\u00bb die Rede ist.<\/p>\n<p>\u00abDer Kontrabass\u00bb<br \/>\nDo\/Fr, 12.12.\/13.12., jew. 20.30<br \/>\nSa, 14.12., 18.00 mit anschl. Konzert Bass Band<br \/>\nSo, 15.12., 11.00 Konzert Bass Band<br \/>\nTicino W\u00e4denswil ZH<br \/>\n<a href=\"http:\/\/www.theater-ticino.ch\/\" target=\"_blank\">www.theater-ticino.ch<\/a><\/p>\n<p>zdroj:\u00a0<a href=\"http:\/\/www.kultur-tipp.ch\/artikel\/d\/der-bass-in-wort-und-klang\/\">http:\/\/www.kultur-tipp.ch\/artikel\/d\/der-bass-in-wort-und-klang\/<\/a><\/p>\n<p><!-- default-view.php -->\n<div\n\tclass=\"ngg-galleryoverview default-view\n\t ngg-ajax-pagination-none\t\"\n\tid=\"ngg-gallery-e436f6e3ef97fd2f415c14fbcc2a841a-1\"\n\tdata-gallery-id=\"5\">\n\n\t\t<!-- Thumbnails -->\n\t\t\t\t<div id=\"ngg-image-0\" class=\"ngg-gallery-thumbnail-box\n\t\t\t\t\t\t\t\t\t\t\t\"\n\t\t\t>\n\t\t\t\t\t\t<div class=\"ngg-gallery-thumbnail\">\n\t\t\t<a href=\"https:\/\/www.slovakdoublebassclub.com\/wp-content\/gallery\/kulturtipp\/kulturtipp-swiss-001.jpg\"\n\t\t\t\ttitle=\"\"\n\t\t\t\tdata-src=\"https:\/\/www.slovakdoublebassclub.com\/wp-content\/gallery\/kulturtipp\/kulturtipp-swiss-001.jpg\"\n\t\t\t\tdata-thumbnail=\"https:\/\/www.slovakdoublebassclub.com\/wp-content\/gallery\/kulturtipp\/thumbs\/thumbs_kulturtipp-swiss-001.jpg\"\n\t\t\t\tdata-image-id=\"69\"\n\t\t\t\tdata-title=\"kulturtipp-swiss-001\"\n\t\t\t\tdata-description=\"\"\n\t\t\t\tdata-image-slug=\"kulturtipp-swiss-001\"\n\t\t\t\t\t\t\t\t\t\t\t\t\t\t\t\t\t\t\t\tclass=\"ngg-fancybox\" rel=\"e436f6e3ef97fd2f415c14fbcc2a841a\">\n\t\t\t\t\t\t\t\t<img\n\t\t\t\t\ttitle=\"kulturtipp-swiss-001\"\n\t\t\t\t\talt=\"kulturtipp-swiss-001\"\n\t\t\t\t\tsrc=\"https:\/\/www.slovakdoublebassclub.com\/wp-content\/gallery\/kulturtipp\/thumbs\/thumbs_kulturtipp-swiss-001.jpg\"\n\t\t\t\t\twidth=\"120\"\n\t\t\t\t\theight=\"90\"\n\t\t\t\t\tstyle=\"max-width:100%;\"\n\t\t\t\t\/>\n\t\t\t<\/a>\n\t\t<\/div>\n\t\t\t\t\t\t\t<\/div>\n\t\t\t\n\t\t\t\t<div id=\"ngg-image-1\" class=\"ngg-gallery-thumbnail-box\n\t\t\t\t\t\t\t\t\t\t\t\"\n\t\t\t>\n\t\t\t\t\t\t<div class=\"ngg-gallery-thumbnail\">\n\t\t\t<a href=\"https:\/\/www.slovakdoublebassclub.com\/wp-content\/gallery\/kulturtipp\/kulturtipp-swiss-004.jpg\"\n\t\t\t\ttitle=\" \"\n\t\t\t\tdata-src=\"https:\/\/www.slovakdoublebassclub.com\/wp-content\/gallery\/kulturtipp\/kulturtipp-swiss-004.jpg\"\n\t\t\t\tdata-thumbnail=\"https:\/\/www.slovakdoublebassclub.com\/wp-content\/gallery\/kulturtipp\/thumbs\/thumbs_kulturtipp-swiss-004.jpg\"\n\t\t\t\tdata-image-id=\"70\"\n\t\t\t\tdata-title=\"kulturtipp-swiss-004\"\n\t\t\t\tdata-description=\" \"\n\t\t\t\tdata-image-slug=\"kulturtipp-swiss-004\"\n\t\t\t\t\t\t\t\t\t\t\t\t\t\t\t\t\t\t\t\tclass=\"ngg-fancybox\" rel=\"e436f6e3ef97fd2f415c14fbcc2a841a\">\n\t\t\t\t\t\t\t\t<img\n\t\t\t\t\ttitle=\"kulturtipp-swiss-004\"\n\t\t\t\t\talt=\"kulturtipp-swiss-004\"\n\t\t\t\t\tsrc=\"https:\/\/www.slovakdoublebassclub.com\/wp-content\/gallery\/kulturtipp\/thumbs\/thumbs_kulturtipp-swiss-004.jpg\"\n\t\t\t\t\twidth=\"120\"\n\t\t\t\t\theight=\"90\"\n\t\t\t\t\tstyle=\"max-width:100%;\"\n\t\t\t\t\/>\n\t\t\t<\/a>\n\t\t<\/div>\n\t\t\t\t\t\t\t<\/div>\n\t\t\t\n\t\n\t<br style=\"clear: both\" \/>\n\n\t\t<div class=\"slideshowlink\">\n\t\t<a href='https:\/\/www.slovakdoublebassclub.com\/SK\/bass-band-v-kulturtipp-ch\/nggallery\/slideshow'>[Show as slideshow]<\/a>\n\n\t<\/div>\n\t\n\t\t<!-- Pagination -->\n\t\t<div class='ngg-clear'><\/div>\t<\/div>\n<\/p>\n<p>&nbsp;<\/p>\n","protected":false},"excerpt":{"rendered":"<p>Der Bass in Wort und Klang Kulturtipp\u00a026\/2013 vom 11. Dezember 2013von Frank von Niederh\u00e4usern, Redaktor kulturtipp Das Theater Ticino in W\u00e4denswil kombiniert Patrick S\u00fcskinds St\u00fcck \u00abDer Kontrabass\u00bb mit einem Bass-Konzert.\u00a0Ein namenloser Opernmusiker referiert \u00fcber den Kontrabass. Sein Instrument ist zwar &hellip; <a href=\"https:\/\/www.slovakdoublebassclub.com\/SK\/bass-band-v-kulturtipp-ch\/\">Continued<\/a><\/p>\n","protected":false},"author":6,"featured_media":1635,"comment_status":"closed","ping_status":"open","sticky":false,"template":"","format":"standard","meta":{"ngg_post_thumbnail":0,"footnotes":""},"categories":[13,11,16],"tags":[],"class_list":["post-1606","post","type-post","status-publish","format-standard","has-post-thumbnail","hentry","category-aktuality","category-bass-band","category-napisali-o-nas"],"_links":{"self":[{"href":"https:\/\/www.slovakdoublebassclub.com\/SK\/wp-json\/wp\/v2\/posts\/1606","targetHints":{"allow":["GET"]}}],"collection":[{"href":"https:\/\/www.slovakdoublebassclub.com\/SK\/wp-json\/wp\/v2\/posts"}],"about":[{"href":"https:\/\/www.slovakdoublebassclub.com\/SK\/wp-json\/wp\/v2\/types\/post"}],"author":[{"embeddable":true,"href":"https:\/\/www.slovakdoublebassclub.com\/SK\/wp-json\/wp\/v2\/users\/6"}],"replies":[{"embeddable":true,"href":"https:\/\/www.slovakdoublebassclub.com\/SK\/wp-json\/wp\/v2\/comments?post=1606"}],"version-history":[{"count":5,"href":"https:\/\/www.slovakdoublebassclub.com\/SK\/wp-json\/wp\/v2\/posts\/1606\/revisions"}],"predecessor-version":[{"id":1636,"href":"https:\/\/www.slovakdoublebassclub.com\/SK\/wp-json\/wp\/v2\/posts\/1606\/revisions\/1636"}],"wp:featuredmedia":[{"embeddable":true,"href":"https:\/\/www.slovakdoublebassclub.com\/SK\/wp-json\/wp\/v2\/media\/1635"}],"wp:attachment":[{"href":"https:\/\/www.slovakdoublebassclub.com\/SK\/wp-json\/wp\/v2\/media?parent=1606"}],"wp:term":[{"taxonomy":"category","embeddable":true,"href":"https:\/\/www.slovakdoublebassclub.com\/SK\/wp-json\/wp\/v2\/categories?post=1606"},{"taxonomy":"post_tag","embeddable":true,"href":"https:\/\/www.slovakdoublebassclub.com\/SK\/wp-json\/wp\/v2\/tags?post=1606"}],"curies":[{"name":"wp","href":"https:\/\/api.w.org\/{rel}","templated":true}]}}