{"id":1637,"date":"2012-04-29T10:58:30","date_gmt":"2012-04-29T08:58:30","guid":{"rendered":"http:\/\/www.slovakdoublebassclub.com\/?p=1637"},"modified":"2014-04-28T14:42:58","modified_gmt":"2014-04-28T12:42:58","slug":"preco-vyhladavaju-kontrabasisti-slavneho-fyzioterapeuta","status":"publish","type":"post","link":"https:\/\/www.slovakdoublebassclub.com\/SK\/preco-vyhladavaju-kontrabasisti-slavneho-fyzioterapeuta\/","title":{"rendered":"Pre\u010do vyh\u013ead\u00e1vaj\u00fa kontrabasisti sl\u00e1vneho fyzioterapeuta ?"},"content":{"rendered":"<p><span style=\"font-size: 12px;\"><a href=\"http:\/\/www.slovakdoublebassclub.com\/wp-content\/uploads\/2013\/12\/1263058-img-kontrabas-kontrabasista-basa-basista-koncert-hudba.jpg\"><img loading=\"lazy\" decoding=\"async\" class=\"size-medium wp-image-1638 alignleft\" alt=\"1263058-img-kontrabas-kontrabasista-basa-basista-koncert-hudba\" src=\"http:\/\/www.slovakdoublebassclub.com\/wp-content\/uploads\/2013\/12\/1263058-img-kontrabas-kontrabasista-basa-basista-koncert-hudba-300x176.jpg\" width=\"300\" height=\"176\" srcset=\"https:\/\/www.slovakdoublebassclub.com\/wp-content\/uploads\/2013\/12\/1263058-img-kontrabas-kontrabasista-basa-basista-koncert-hudba-300x176.jpg 300w, https:\/\/www.slovakdoublebassclub.com\/wp-content\/uploads\/2013\/12\/1263058-img-kontrabas-kontrabasista-basa-basista-koncert-hudba.jpg 310w\" sizes=\"auto, (max-width: 300px) 100vw, 300px\" \/><\/a>29. 04. 2012\u00a006:00 |\u00a0<\/span><strong style=\"font-size: 12px;\">Franti\u0161ek Szanto, ktor\u00fd je absol\u00fatnou \u0161pi\u010dkou a\u00a0naj\u017eiadanej\u0161\u00edm odborn\u00edkom vo \u0160vaj\u010diarsku, prijal pozvanie a\u00a0pri\u0161iel na Slovensko.<\/strong><\/p>\n<div>\n<p>Slovensk\u00fd klub kontrabasistov za svoju doteraj\u0161iu kr\u00e1tku existenciu zorganizoval u\u017e nieko\u013eko \u00faspe\u0161n\u00fdch akci\u00ed. Ned\u00e1vno sa konal v Banskej Bystrici na Akad\u00e9mii umen\u00ed u\u017e tret\u00ed kontrabasov\u00fd workshop. Organiz\u00e1torom sa podarilo zabezpe\u010di\u0165 \u0161estn\u00e1s\u0165 vynikaj\u00facich lektorov, ktor\u00ed viedli kurzy. \u00da\u010dastn\u00edkmi boli nielen \u0161tudenti, ale aj amat\u00e9rski hr\u00e1\u010di na kontrabas. \u201ePri\u0161li aj p\u00e1ni, ktor\u00ed hraj\u00fa pre pote\u0161enie v\u00a0r\u00f4znych kapel\u00e1ch a\u00a0r\u00f4zne \u017e\u00e1nre. Dozvedeli sa o\u00a0mo\u017enosti nie\u010do sa nau\u010di\u0165 a boli ve\u013emi radi, \u017ee si mohli s\u00a0pomocou lektorov zlep\u0161i\u0165 svoju hr\u00e1\u010dsku techniku,\u201c hovor\u00ed J\u00e1n Krigovsk\u00fd, zakladate\u013e klubu a\u00a0organiz\u00e1tor kurzu.<\/p>\n<p>Novinkou bola tento rok \u00fa\u010das\u0165 fyzioterapeuta. Franti\u0161ek Szanto, ktor\u00fd je absol\u00fatnou \u0161pi\u010dkou a\u00a0naj\u017eiadanej\u0161\u00edm odborn\u00edkom vo \u0160vaj\u010diarsku, prijal napriek pracovn\u00e9mu vy\u0165a\u017eeniu pozvanie a\u00a0pri\u0161iel na Slovensko. Star\u00e1 sa najm\u00e4 o\u00a0hudobn\u00edkov a\u00a0vyh\u013ead\u00e1vaj\u00fa ho aj kontrabasisti, preto\u017ee probl\u00e9my svalov\u00e9ho apar\u00e1tu, ktor\u00e9 sa rokmi hrania na n\u00e1stroji objavia, s\u00fa \u0161pecifick\u00e9. On s\u00e1m ve\u013emi dobre vie, \u010do to prin\u00e1\u0161a, preto\u017ee je amat\u00e9rsky kontrabasista. V\u0161etko, \u010do rob\u00ed s\u00a0klientom, si najsk\u00f4r odsk\u00fa\u0161al na sebe. Vie, \u010do kontrabasista potrebuje a\u00a0\u010do nie. \u201eSme ve\u013emi dobr\u00ed priatelia a\u00a0mo\u017eno aj vzdialen\u00e1 rodina, obaja poch\u00e1dzame z\u00a0Vern\u00e1ra. Myslel si, \u017ee si pr\u00edde na Slovensko odd\u00fdchnu\u0165 a p\u00e1r dn\u00ed si urob\u00ed dovolenku. Dopadlo to tak, \u017ee bol najvy\u0165a\u017eenej\u0161ou osobou na kurzoch. Urobil n\u00e1m fantastick\u00fa predn\u00e1\u0161ku o\u00a0tom, ako sa m\u00e1 hudobn\u00edk rozcvi\u010dova\u0165, \u010do m\u00e1 v\u0161etko dodr\u017eiava\u0165, aby vydr\u017eal cel\u00fd \u017eivot hra\u0165. V\u0161etci sme si v\u010faka nemu uvedomili, \u010do v\u0161etko sme doteraz robili nespr\u00e1vne. Cvi\u010dili sme spolu, pedag\u00f3govia aj so \u0161tudentmi. V\u0161etk\u00fdch to ve\u013emi zaujalo a\u00a0potom od r\u00e1na do neskor\u00e9ho ve\u010dera robil akupunkt\u00faru, elektroakupunkt\u00faru, mas\u00e1\u017ee, narovn\u00e1val chrbtice a\u00a0uvo\u013e\u0148oval svalstvo. Na Slovensku s\u00fa iste aj in\u00ed skvel\u00ed rehabilita\u010dn\u00ed odborn\u00edci, ale Franti\u0161ek Szanto je \u0161pecifick\u00fd t\u00fdm, \u017ee sa venuje hudobn\u00edkom, \u0161peci\u00e1lne kontrabasistom. Som ve\u013emi r\u00e1d, \u017ee si na z\u00e1ver kurzov s\u00a0nami aj zahral,\u201c dodal J\u00e1n Krigovsk\u00fd.<\/p>\n<p><a href=\"http:\/\/www.slovakdoublebassclub.com\/wp-content\/uploads\/2013\/12\/1263050_kontrabas-kontrabasista-basa-basista-koncert-hudba.jpg\"><img loading=\"lazy\" decoding=\"async\" class=\"alignnone size-full wp-image-1639\" alt=\"1263050_kontrabas-kontrabasista-basa-basista-koncert-hudba\" src=\"http:\/\/www.slovakdoublebassclub.com\/wp-content\/uploads\/2013\/12\/1263050_kontrabas-kontrabasista-basa-basista-koncert-hudba.jpg\" width=\"545\" height=\"382\" srcset=\"https:\/\/www.slovakdoublebassclub.com\/wp-content\/uploads\/2013\/12\/1263050_kontrabas-kontrabasista-basa-basista-koncert-hudba.jpg 545w, https:\/\/www.slovakdoublebassclub.com\/wp-content\/uploads\/2013\/12\/1263050_kontrabas-kontrabasista-basa-basista-koncert-hudba-300x210.jpg 300w\" sizes=\"auto, (max-width: 545px) 100vw, 545px\" \/><\/a><\/p>\n<p>Lektormi boli popredn\u00ed hr\u00e1\u010di slovensk\u00fdch aj zahrani\u010dn\u00fdch orchestrov a\u00a0ponuka \u201etried\u201c pre z\u00e1ujemcov bola pestr\u00e1 \u2013 mohli sa podu\u010di\u0165 v\u00a0komornej hre, v\u00a0hre v\u00a0orchestri, v\u00a0starej hudbe, ale o svoje sk\u00fasenosti sa podelili aj jazzov\u00ed kontrabasisti. Jeden z\u00a0lektorov Milan \u0160ag\u00e1t, ktor\u00fd bol dlh\u00e9 roky \u010dlenom sl\u00e1vnych viedensk\u00fdch filharmonikov bol unesen\u00fd z\u00a0toho, \u010do sa na malom Slovensku podarilo zorganizova\u0165. \u201ePovedal, \u017ee n\u00e1m vo Viedni bude robi\u0165 reklamu na ka\u017edom kroku,\u201c te\u0161\u00ed sa J\u00e1n Krigovsk\u00fd.<\/p>\n<p>Po\u010das akcie sa konalo aj nieko\u013eko skvel\u00fdch koncertov a\u00a0medzin\u00e1rodn\u00e1 s\u00fa\u0165a\u017e Karla Ditters von Dittersdorf (rak\u00fasky barokov\u00fd hudobn\u00fd skladate\u013e a\u00a0hudobn\u00edk). V porote bol aj \u0161\u00e9fdirigent symfonick\u00e9ho orchestra Slovensk\u00e9ho rozhlasu M\u00e1rio Ko\u0161\u00edk, a preto\u00a0v\u00ed\u0165az \u2013 tento rok to je \u0160paniel &#8211; dostal ponuku na nahr\u00e1vku s\u00a0t\u00fdmto hudobn\u00fdm telesom.<\/p>\n<p><a href=\"http:\/\/www.slovakdoublebassclub.com\/wp-content\/uploads\/2013\/12\/1263047_kontrabas-kontrabasista-basa-basista-koncert-hudba.jpg\"><img loading=\"lazy\" decoding=\"async\" class=\"alignnone size-full wp-image-1640\" alt=\"1263047_kontrabas-kontrabasista-basa-basista-koncert-hudba\" src=\"http:\/\/www.slovakdoublebassclub.com\/wp-content\/uploads\/2013\/12\/1263047_kontrabas-kontrabasista-basa-basista-koncert-hudba.jpg\" width=\"545\" height=\"377\" srcset=\"https:\/\/www.slovakdoublebassclub.com\/wp-content\/uploads\/2013\/12\/1263047_kontrabas-kontrabasista-basa-basista-koncert-hudba.jpg 545w, https:\/\/www.slovakdoublebassclub.com\/wp-content\/uploads\/2013\/12\/1263047_kontrabas-kontrabasista-basa-basista-koncert-hudba-300x207.jpg 300w\" sizes=\"auto, (max-width: 545px) 100vw, 545px\" \/><\/a><\/p>\n<p>Ledva sa skon\u010dila jedna aktivita, u\u017e je v\u00a0plnom pr\u00fade pr\u00edprava na druh\u00fa. Slovensk\u00fd kontrabasov\u00fd klub v\u00a0spolupr\u00e1ci s\u00a0Mestsk\u00fdm m\u00fazeom v\u00a0Senci vymyslel jeden\u00e1s\u0165hodinov\u00fd hudobn\u00fd marat\u00f3n, kde by sa mali predstavi\u0165 desiatky \u00fa\u010dinkuj\u00facich. V\u0161etko to vypukne 5. m\u00e1ja okolo poludnia. Hlavnou t\u00e9mou je pomoc soci\u00e1lne odk\u00e1zan\u00fdm rodin\u00e1m s\u00a0de\u0165mi. Dobrovo\u013en\u00ed\u010dky bud\u00fa vybera\u0165 pr\u00edspevky na podporu rod\u00edn, ktor\u00e9 s\u00fa znev\u00fdhodnen\u00e9. Ktor\u00e9 to bud\u00fa, vytypovali pracovn\u00ed\u010dky Mestsk\u00e9ho \u00faradu v Senci, a\u00a0pozv\u00fa ich aj na koncert. Aby videli, \u010do sa pre nich zorganizovalo a\u00a0ko\u013eko \u013eud\u00ed im pom\u00e1ha. Bud\u00fa tam anonymne, nikto nebude o\u00a0nich vedie\u0165. Ani \u00fa\u010dinkuj\u00faci, ani organiz\u00e1tori ich identitu nepoznaj\u00fa. A\u00a0\u010do v\u0161etko na div\u00e1kov \u010dak\u00e1?<\/p>\n<p>\u201eNa za\u010diatku vyst\u00fapia \u017eiaci v\u0161etk\u00fdch seneck\u00fdch z\u00e1kladn\u00fdch a\u00a0umeleck\u00fdch \u0161k\u00f4l a gymn\u00e1zi\u00ed. Na r\u00f4znych miestach Senca sa bud\u00fa dia\u0165 aj mal\u00e9 tvoriv\u00e9 dielne. Mestsk\u00e9 m\u00fazeum bude otv\u00e1ra\u0165 nov\u00fa v\u00fdstavu Rimania v\u00a0Senci a\u00a0okol\u00ed a\u00a0Nad\u00e1cia sv\u00e4tej Al\u017ebety uk\u00e1\u017ee, ako sa v\u00a0Afrike vyr\u00e1baj\u00fa \u0161perky, varia jednoduch\u00e9 jedl\u00e1 a\u00a0\u0161peci\u00e1lny \u010daj a k\u00e1va. Po\u010das toho st\u00e1le bude vyhr\u00e1va\u0165 hudba. Tieto aktivity bud\u00fa trva\u0165 pribli\u017ene p\u00e4\u0165 hod\u00edn. O\u00a0osemn\u00e1stej hodine sa za\u010dne hlavn\u00fd ve\u010dern\u00fd program, koncertom v\u00a0Evanjelickom kostole. Ml\u00e1de\u017en\u00edcky orchester Harm\u00f3nia zo \u0161t\u00e1tneho konzervat\u00f3ria v\u00a0Bratislave bude sprev\u00e1dza\u0165 mlad\u00fdch s\u00f3listov zo Senca. Svoju premi\u00e9ru na festivale bude ma\u0165 novovzniknut\u00fd barokov\u00fd orchester. Vym\u00fd\u0161\u013eali sme, ako zapoji\u0165 \u010do najviac priate\u013eov a\u00a0mysl\u00edm, \u017ee toto je dobr\u00e1 forma. Budeme sa hra\u0165, \u017ee sme na dvore franc\u00fazskeho kr\u00e1\u013ea \u013dudov\u00edta XIV. Bude s\u00a0nimi \u00fa\u010dinkova\u0165 aj tane\u010dn\u00fd p\u00e1r, ktor\u00fd bude predv\u00e1dza\u0165 dobov\u00e9 tance a\u00a0po koncerte bude pre z\u00e1ujemcov aj v\u00fduka toho, \u010do videli,\u201c prezradil J\u00e1n Krigovsk\u00fd.<\/p>\n<p><a href=\"http:\/\/www.slovakdoublebassclub.com\/wp-content\/uploads\/2013\/12\/1263051_kontrabas-kontrabasista-basa-basista-koncert-hudba.jpg\"><img loading=\"lazy\" decoding=\"async\" class=\"alignnone size-full wp-image-1641\" alt=\"1263051_kontrabas-kontrabasista-basa-basista-koncert-hudba\" src=\"http:\/\/www.slovakdoublebassclub.com\/wp-content\/uploads\/2013\/12\/1263051_kontrabas-kontrabasista-basa-basista-koncert-hudba.jpg\" width=\"545\" height=\"363\" srcset=\"https:\/\/www.slovakdoublebassclub.com\/wp-content\/uploads\/2013\/12\/1263051_kontrabas-kontrabasista-basa-basista-koncert-hudba.jpg 545w, https:\/\/www.slovakdoublebassclub.com\/wp-content\/uploads\/2013\/12\/1263051_kontrabas-kontrabasista-basa-basista-koncert-hudba-300x199.jpg 300w\" sizes=\"auto, (max-width: 545px) 100vw, 545px\" \/><\/a><\/p>\n<p>Potom sa v\u0161etci z\u00e1ujemcovia presun\u00fa na n\u00e1mestie, kde sa bud\u00fa m\u00f4c\u0165 dozvedie\u0165 o\u00a0projekte obnovy miestnej synag\u00f3gy, ktor\u00fa bude realizova\u0165 a spolufinancova\u0165 aj Bratislavsk\u00fd samospr\u00e1vny kraj. \u201eP\u00f4vodne sme chceli zahra\u0165 aspo\u0148 jeden koncert aj v\u00a0nej, ale bohu\u017eia\u013e pre ve\u013emi zl\u00fd technick\u00fd stav to statik nepovolil. D\u00fafame, \u017ee sa n\u00e1m podar\u00ed aspo\u0148 vybavi\u0165, aby n\u00e1v\u0161tevn\u00edci mohli do nej nakukn\u00fa\u0165 a\u00a0chceme pripravi\u0165 informa\u010dn\u00e9 panely, na ktor\u00fdch by sme uk\u00e1zali, ako vyzerala v\u00a0roku 1904, ke\u010f pre\u0161la rozsiahlou renov\u00e1ciou. Mnoh\u00ed obyvatelia mesta nemaj\u00fa predstavu, ako to dnes vyzer\u00e1 vo vn\u00fatri a\u00a0bolo by dobre, ak by si to mali mo\u017enos\u0165 pozrie\u0165. Ke\u010f sa pl\u00e1novan\u00e1 rekon\u0161trukcia podar\u00ed, bud\u00fa aspo\u0148 vidie\u0165, ko\u013eko pr\u00e1ce sa urobilo,\u201c mysl\u00ed si.<\/p>\n<p>Na priestranstve pred synagogou sa bud\u00fa kona\u0165 od deviatej ve\u010der a\u017e do polnoci \u010fal\u0161ie koncerty. Postupne sa predstavia Pressburger Klezmer Band, Basyna\u0161e, Slovak Tango z\u00a0Banskej Bystrice a\u00a0na z\u00e1ver skupina, ktor\u00e1 hr\u00e1 etno hudbu, Arccus. Ke\u010f sa p\u00fdtam, ko\u013eko \u013eud\u00ed tvor\u00ed organiza\u010dn\u00fd \u0161t\u00e1b, J\u00e1n sa len usmeje a\u00a0povie \u2013 dvaja. On a\u00a0G\u00e1bor Stre\u0161\u0148\u00e1k z\u00a0Mestsk\u00e9ho m\u00fazea. \u201eSamozrejme, finan\u010dne n\u00e1s podporilo mesto Senec a Bratislavsk\u00fd samospr\u00e1vny kraj. V\u00a0pr\u00edpade nepriazniv\u00e9ho po\u010dasia sa program presunie do s\u00e1ly Mestsk\u00e9ho kult\u00farneho strediska. \u0160koda, \u017ee Senec e\u0161te nem\u00e1 svoje vlastn\u00e9 prenosn\u00e9 p\u00f3dium, ktor\u00e9 by vyrie\u0161ilo v\u0161etky pr\u00edpadn\u00e9 poveternostn\u00e9 katastrofy.\u201c<\/p>\n<p><a href=\"http:\/\/www.slovakdoublebassclub.com\/wp-content\/uploads\/2013\/12\/1263054_kontrabas-kontrabasista-basa-basista-koncert-hudba.jpg\"><img loading=\"lazy\" decoding=\"async\" class=\"alignnone size-full wp-image-1642\" alt=\"1263054_kontrabas-kontrabasista-basa-basista-koncert-hudba\" src=\"http:\/\/www.slovakdoublebassclub.com\/wp-content\/uploads\/2013\/12\/1263054_kontrabas-kontrabasista-basa-basista-koncert-hudba.jpg\" width=\"545\" height=\"769\" srcset=\"https:\/\/www.slovakdoublebassclub.com\/wp-content\/uploads\/2013\/12\/1263054_kontrabas-kontrabasista-basa-basista-koncert-hudba.jpg 545w, https:\/\/www.slovakdoublebassclub.com\/wp-content\/uploads\/2013\/12\/1263054_kontrabas-kontrabasista-basa-basista-koncert-hudba-212x300.jpg 212w\" sizes=\"auto, (max-width: 545px) 100vw, 545px\" \/><\/a><\/p>\n<p>A\u00a0\u010do bude \u010falej? V\u00a0spolupr\u00e1ci s\u00a0Hudobn\u00fdm centrom sa Slovensk\u00fd kontrabasov\u00fd klub bude v j\u00fani podie\u013ea\u0165 aj na \u010fal\u0161ej zauj\u00edmavej akcii Noc hudby. A\u00a0\u010dlenov Slovensk\u00e9ho klubu kontrabasistov m\u00f4\u017eete vidie\u0165 hra\u0165 takmer vo v\u0161etk\u00fdch hudobn\u00fdch teles\u00e1ch na celom Slovensku, aj v\u00a0zahrani\u010d\u00ed. Lebo p\u00e1ni muzikanti, ktor\u00ed prepadli v\u00e1\u0161ni zvanej kontrabas potrebuj\u00fa hra\u0165 viac ako d\u00fdcha\u0165. Aby n\u00e1s pote\u0161ili a\u00a0poskytli n\u00e1m spolu s\u00a0ostatn\u00fdmi kolegami hudobn\u00edkmi neopakovate\u013en\u00e9 z\u00e1\u017eitky pri stretnut\u00ed s\u00a0m\u00fazami.<\/p>\n<p><strong>Zdroj:<\/strong>\u00a0<a href=\"http:\/\/zivot.azet.sk\/clanok\/11262\/preco-vyhladavaju-kontrabasisti-slavneho-fyzioterapeuta.html\">http:\/\/zivot.azet.sk\/clanok\/11262\/preco-vyhladavaju-kontrabasisti-slavneho-fyzioterapeuta.html<\/a><\/p>\n<p><strong>Autor:\u00a0<\/strong>Monika Mach\u00e1\u010dkov\u00e1<\/p>\n<\/div>\n","protected":false},"excerpt":{"rendered":"<p>29. 04. 2012\u00a006:00 |\u00a0Franti\u0161ek Szanto, ktor\u00fd je absol\u00fatnou \u0161pi\u010dkou a\u00a0naj\u017eiadanej\u0161\u00edm odborn\u00edkom vo \u0160vaj\u010diarsku, prijal pozvanie a\u00a0pri\u0161iel na Slovensko. Slovensk\u00fd klub kontrabasistov za svoju doteraj\u0161iu kr\u00e1tku existenciu zorganizoval u\u017e nieko\u013eko \u00faspe\u0161n\u00fdch akci\u00ed. Ned\u00e1vno sa konal v Banskej Bystrici na Akad\u00e9mii umen\u00ed &hellip; <a href=\"https:\/\/www.slovakdoublebassclub.com\/SK\/preco-vyhladavaju-kontrabasisti-slavneho-fyzioterapeuta\/\">Continued<\/a><\/p>\n","protected":false},"author":6,"featured_media":1233,"comment_status":"closed","ping_status":"open","sticky":false,"template":"","format":"standard","meta":{"ngg_post_thumbnail":0,"footnotes":""},"categories":[13,16],"tags":[],"class_list":["post-1637","post","type-post","status-publish","format-standard","has-post-thumbnail","hentry","category-aktuality","category-napisali-o-nas"],"_links":{"self":[{"href":"https:\/\/www.slovakdoublebassclub.com\/SK\/wp-json\/wp\/v2\/posts\/1637","targetHints":{"allow":["GET"]}}],"collection":[{"href":"https:\/\/www.slovakdoublebassclub.com\/SK\/wp-json\/wp\/v2\/posts"}],"about":[{"href":"https:\/\/www.slovakdoublebassclub.com\/SK\/wp-json\/wp\/v2\/types\/post"}],"author":[{"embeddable":true,"href":"https:\/\/www.slovakdoublebassclub.com\/SK\/wp-json\/wp\/v2\/users\/6"}],"replies":[{"embeddable":true,"href":"https:\/\/www.slovakdoublebassclub.com\/SK\/wp-json\/wp\/v2\/comments?post=1637"}],"version-history":[{"count":2,"href":"https:\/\/www.slovakdoublebassclub.com\/SK\/wp-json\/wp\/v2\/posts\/1637\/revisions"}],"predecessor-version":[{"id":1644,"href":"https:\/\/www.slovakdoublebassclub.com\/SK\/wp-json\/wp\/v2\/posts\/1637\/revisions\/1644"}],"wp:featuredmedia":[{"embeddable":true,"href":"https:\/\/www.slovakdoublebassclub.com\/SK\/wp-json\/wp\/v2\/media\/1233"}],"wp:attachment":[{"href":"https:\/\/www.slovakdoublebassclub.com\/SK\/wp-json\/wp\/v2\/media?parent=1637"}],"wp:term":[{"taxonomy":"category","embeddable":true,"href":"https:\/\/www.slovakdoublebassclub.com\/SK\/wp-json\/wp\/v2\/categories?post=1637"},{"taxonomy":"post_tag","embeddable":true,"href":"https:\/\/www.slovakdoublebassclub.com\/SK\/wp-json\/wp\/v2\/tags?post=1637"}],"curies":[{"name":"wp","href":"https:\/\/api.w.org\/{rel}","templated":true}]}}