{"id":19826,"date":"2020-01-31T10:19:06","date_gmt":"2020-01-31T09:19:06","guid":{"rendered":"https:\/\/www.slovakdoublebassclub.com\/?p=19826"},"modified":"2020-01-31T10:22:07","modified_gmt":"2020-01-31T09:22:07","slug":"koncert-a-prezentacia-profiloveho-cd-filip-jaro-virtuoso-double-bass-concertos","status":"publish","type":"post","link":"https:\/\/www.slovakdoublebassclub.com\/SK\/koncert-a-prezentacia-profiloveho-cd-filip-jaro-virtuoso-double-bass-concertos\/","title":{"rendered":"Koncert a prezent\u00e1cia profilov\u00e9ho CD Filip Jaro  &#8222;Virtuoso Double Bass Concertos&#8220;"},"content":{"rendered":"<p style=\"text-align: center;\"><em>SDBC V\u00e1s srde\u010dne poz\u00fdva na koncert n\u00e1\u0161ho kolegu a jedn\u00e9ho z najakt\u00edvnej\u0161\u00edch s\u00fa\u010dasn\u00fdch slovensk\u00fdch kontrabasistov Filipa Jara. Detailn\u00e9 inform\u00e1cie na plag\u00e1te.&nbsp;<\/em><\/p>\n<p><a href=\"https:\/\/www.slovakdoublebassclub.com\/wp-content\/uploads\/2020\/01\/KomorneVeceryvoDvorane_FilipJaro_12.2.2020_plagat-2.jpg\"><img loading=\"lazy\" decoding=\"async\" class=\"size-large wp-image-19827 aligncenter\" src=\"https:\/\/www.slovakdoublebassclub.com\/wp-content\/uploads\/2020\/01\/KomorneVeceryvoDvorane_FilipJaro_12.2.2020_plagat-2-723x1024.jpg\" alt=\"\" width=\"723\" height=\"1024\" srcset=\"https:\/\/www.slovakdoublebassclub.com\/wp-content\/uploads\/2020\/01\/KomorneVeceryvoDvorane_FilipJaro_12.2.2020_plagat-2-723x1024.jpg 723w, https:\/\/www.slovakdoublebassclub.com\/wp-content\/uploads\/2020\/01\/KomorneVeceryvoDvorane_FilipJaro_12.2.2020_plagat-2-600x849.jpg 600w, https:\/\/www.slovakdoublebassclub.com\/wp-content\/uploads\/2020\/01\/KomorneVeceryvoDvorane_FilipJaro_12.2.2020_plagat-2-212x300.jpg 212w, https:\/\/www.slovakdoublebassclub.com\/wp-content\/uploads\/2020\/01\/KomorneVeceryvoDvorane_FilipJaro_12.2.2020_plagat-2-768x1087.jpg 768w, https:\/\/www.slovakdoublebassclub.com\/wp-content\/uploads\/2020\/01\/KomorneVeceryvoDvorane_FilipJaro_12.2.2020_plagat-2.jpg 1179w\" sizes=\"auto, (max-width: 723px) 100vw, 723px\" \/><\/a>","protected":false},"excerpt":{"rendered":"<p>SDBC V\u00e1s srde\u010dne poz\u00fdva na koncert n\u00e1\u0161ho kolegu a jedn\u00e9ho z najakt\u00edvnej\u0161\u00edch s\u00fa\u010dasn\u00fdch slovensk\u00fdch kontrabasistov Filipa Jara. Detailn\u00e9 inform\u00e1cie na plag\u00e1te.&nbsp;<\/p>\n","protected":false},"author":5,"featured_media":19827,"comment_status":"closed","ping_status":"open","sticky":false,"template":"","format":"standard","meta":{"ngg_post_thumbnail":0,"footnotes":""},"categories":[13,15],"tags":[],"class_list":["post-19826","post","type-post","status-publish","format-standard","has-post-thumbnail","hentry","category-aktuality","category-koncerty"],"_links":{"self":[{"href":"https:\/\/www.slovakdoublebassclub.com\/SK\/wp-json\/wp\/v2\/posts\/19826","targetHints":{"allow":["GET"]}}],"collection":[{"href":"https:\/\/www.slovakdoublebassclub.com\/SK\/wp-json\/wp\/v2\/posts"}],"about":[{"href":"https:\/\/www.slovakdoublebassclub.com\/SK\/wp-json\/wp\/v2\/types\/post"}],"author":[{"embeddable":true,"href":"https:\/\/www.slovakdoublebassclub.com\/SK\/wp-json\/wp\/v2\/users\/5"}],"replies":[{"embeddable":true,"href":"https:\/\/www.slovakdoublebassclub.com\/SK\/wp-json\/wp\/v2\/comments?post=19826"}],"version-history":[{"count":2,"href":"https:\/\/www.slovakdoublebassclub.com\/SK\/wp-json\/wp\/v2\/posts\/19826\/revisions"}],"predecessor-version":[{"id":19829,"href":"https:\/\/www.slovakdoublebassclub.com\/SK\/wp-json\/wp\/v2\/posts\/19826\/revisions\/19829"}],"wp:featuredmedia":[{"embeddable":true,"href":"https:\/\/www.slovakdoublebassclub.com\/SK\/wp-json\/wp\/v2\/media\/19827"}],"wp:attachment":[{"href":"https:\/\/www.slovakdoublebassclub.com\/SK\/wp-json\/wp\/v2\/media?parent=19826"}],"wp:term":[{"taxonomy":"category","embeddable":true,"href":"https:\/\/www.slovakdoublebassclub.com\/SK\/wp-json\/wp\/v2\/categories?post=19826"},{"taxonomy":"post_tag","embeddable":true,"href":"https:\/\/www.slovakdoublebassclub.com\/SK\/wp-json\/wp\/v2\/tags?post=19826"}],"curies":[{"name":"wp","href":"https:\/\/api.w.org\/{rel}","templated":true}]}}