{"id":2293,"date":"2014-05-29T13:50:00","date_gmt":"2014-05-29T11:50:00","guid":{"rendered":"http:\/\/www.slovakdoublebassclub.com\/?p=2293"},"modified":"2014-05-29T13:52:08","modified_gmt":"2014-05-29T11:52:08","slug":"vikend-otvorenych-parkov","status":"publish","type":"post","link":"https:\/\/www.slovakdoublebassclub.com\/SK\/vikend-otvorenych-parkov\/","title":{"rendered":"V\u00edkend otvoren\u00fdch parkov"},"content":{"rendered":"<h3 style=\"text-align: justify;\">V\u00edkend otvoren\u00fdch parkov a z\u00e1hrad alebo historick\u00e9 parky a z\u00e1hrady inak&#8230;<\/h3>\n<p style=\"text-align: justify;\">Historick\u00e9 parky a z\u00e1hrady tvoria neoddelite\u013en\u00fa s\u00fa\u010das\u0165 kult\u00farneho i pr\u00edrodn\u00e9ho dedi\u010dstva azda ka\u017edej eur\u00f3pskej krajiny. N\u00e1v\u0161tevn\u00edkom poskytuj\u00fa poh\u013ead do minulosti aj zamyslenie nad ich s\u00fa\u010dasnos\u0165ou, a tie\u017e v\u00edzie ich bud\u00facnosti. Historick\u00e9, materi\u00e1lne aj duchovn\u00e9 hodnoty verejn\u00fdch i s\u00fakromn\u00fdch parkov a z\u00e1hrad si zvy\u010dajne uvedomujeme vtedy, ak ich pravidelne \u010di sporadicky nav\u0161tevujeme alebo ich \u201eupravuj\u00fa\u201c, ba neraz a\u017e devastuj\u00fa t\u00ed, ktor\u00ed s\u00fa za ne zodpovedn\u00ed. E\u0161te doned\u00e1vna sme parky a z\u00e1hrady vn\u00edmali ako nedotknute\u013en\u00e9 plochy miest a obc\u00ed, ktor\u00e9 treba chr\u00e1ni\u0165 pred nami sam\u00fdmi. Verejn\u00e9 parky i z\u00e1hrady sl\u00fa\u017eili v\u00e4\u010d\u0161mi ako okrasn\u00fd priestor, ne\u017e ako are\u00e1l vzdel\u00e1vania a kult\u00farno-spolo\u010densk\u00fdch aktiv\u00edt.<\/p>\n<p style=\"text-align: justify;\">V uplynul\u00fdch \u0161iestich rokoch poh\u013ead verejnosti na funkciu parkov a z\u00e1hrad pom\u00e1ha zmeni\u0165 N\u00e1rodn\u00fd Trust n.o., \u010dlen medzin\u00e1rodnej siete n\u00e1rodn\u00fdch trustov, mimovl\u00e1dnych organiz\u00e1ci\u00ed, zameran\u00fdch na z\u00e1chranu, ochranu a zmyslupln\u00e9 vyu\u017e\u00edvanie kult\u00farneho a pr\u00edrodn\u00e9ho dedi\u010dstva. V\u017edy v prv\u00fd j\u00fanov\u00fd v\u00edkend m\u00f4\u017eu n\u00e1v\u0161tevn\u00edci parkov a z\u00e1hrad v mnoh\u00fdch krajin\u00e1ch Eur\u00f3py z\u00edskava\u0165 inform\u00e1cie z ich hist\u00f3rie a v\u00fdvoja, akt\u00edvne z\u00fa\u010dast\u0148ova\u0165 netradi\u010dn\u00fdch kult\u00farnych, \u0161portov\u00fdch a spolo\u010densk\u00fdch podujat\u00ed, semin\u00e1rov a konferenci\u00ed. Od 5. ro\u010dn\u00edka sa okrem bratislavsk\u00fdch verejn\u00fdch a s\u00fakromn\u00fdch parkov a z\u00e1hrad zap\u00e1jaj\u00fa do tohto prest\u00ed\u017eneho medzin\u00e1rodn\u00e9ho podujatia desiatky historick\u00fdch a krajin\u00e1rskych lokal\u00edt po celom Slovensku. Jednou z lokal\u00edt je aj niekdaj\u0161\u00ed anglick\u00fd park barokov\u00e9ho ka\u0161tie\u013ea vo Ve\u013ekom Bieli, ktor\u00fd verejnosti spr\u00edstup\u0148uje OZ Ka\u0161tie\u013e Ve\u013ek\u00fd Biel.<\/p>\n<p style=\"text-align: justify;\">Po druh\u00fd raz bud\u00fa v nede\u013eu 8. j\u00fana od 9:00 do 17:00 v parku i ka\u0161tieli pre n\u00e1v\u0161tevn\u00edkov pripraven\u00e9 v\u00fdtvarn\u00e9 dielne so s\u00fa\u0165a\u017eou pre deti, jazdenie na koni, ZU\u0160 Senec pripravuje koncert v\u00e1\u017enej hudby aj divadeln\u00e9 predstavenie, koncert zborov\u00e9ho spevu aj v\u00fdstavu v\u00fdtvarn\u00fdch diel \u017eiakov a \u0161tudentov, organiz\u00e1tori uskuto\u010dnia aj dve komentovan\u00e9 prehliadky spr\u00edstupnen\u00fdch priestorov ka\u0161tie\u013ea. Ke\u010f\u017ee je V\u00edkend otvoren\u00fdch parkov a z\u00e1hrad zameran\u00fd na vzdel\u00e1vanie v oblasti krajin\u00e1rskej tvorby, bud\u00fa na t\u00fato t\u00e9mu poskytova\u0165 rady naslovovzat\u00ed odborn\u00edci z Ve\u013ek\u00e9ho Bielu. N\u00e1v\u0161tevn\u00edci si bud\u00fa m\u00f4c\u0165 pozrie\u0165 aj v\u00fdstavu bonsajov a ru\u010dn\u00fa v\u00fdrobu \u0161perkov \u010di vyu\u017ei\u0165 pr\u00edtomnos\u0165 odborn\u00edkov na poradenstvo v oblasti chovu v\u010diel, ale aj k\u00fapi\u0165 v\u010del\u00e1rske v\u00fdrobky. Vrcholom v\u00edkendov\u00e9ho popoludnia bude <strong>koncert kontrabasov\u00e9ho kvarteta BassBand<\/strong> so s\u00f3listom <strong>Martinom Babjakom<\/strong> v zlo\u017een\u00ed :J\u00e1n Borza , Metod Podolsk\u00fd , J\u00e1n Prievozn\u00edk a J\u00e1n Krigovsk\u00fd ako umeleck\u00fd ved\u00faci. Koncert sa kon\u00e1 <strong>o 18:00 hod. v Zlatej s\u00e1le ka\u0161tie\u013ea<\/strong> v r\u00e1mci benefi\u010dn\u00e9ho hudobn\u00e9ho festivalu Musica Perennis Iuventutis . o 18:00 a 20:00 v Zlatej s\u00e1le ka\u0161tie\u013ea!<br \/>\nPre n\u00e1v\u0161tevn\u00edkov aj \u00fa\u010dinkuj\u00facich organiz\u00e1tori zabezpe\u010dili bufetov\u00e9 ob\u010derstvenie.<br \/>\n(www.vikendotvorenychzahrad.sk)<br \/>\nJuraj Bondora, N\u00e1rodn\u00fd Trust n.o.<\/p>\n","protected":false},"excerpt":{"rendered":"<p>V\u00edkend otvoren\u00fdch parkov a z\u00e1hrad alebo historick\u00e9 parky a z\u00e1hrady inak&#8230; Historick\u00e9 parky a z\u00e1hrady tvoria neoddelite\u013en\u00fa s\u00fa\u010das\u0165 kult\u00farneho i pr\u00edrodn\u00e9ho dedi\u010dstva azda ka\u017edej eur\u00f3pskej krajiny. N\u00e1v\u0161tevn\u00edkom poskytuj\u00fa poh\u013ead do minulosti aj zamyslenie nad ich s\u00fa\u010dasnos\u0165ou, a tie\u017e v\u00edzie ich &hellip; <a href=\"https:\/\/www.slovakdoublebassclub.com\/SK\/vikend-otvorenych-parkov\/\">Continued<\/a><\/p>\n","protected":false},"author":6,"featured_media":2294,"comment_status":"closed","ping_status":"open","sticky":false,"template":"","format":"standard","meta":{"ngg_post_thumbnail":0,"footnotes":""},"categories":[13,11,15],"tags":[],"class_list":["post-2293","post","type-post","status-publish","format-standard","has-post-thumbnail","hentry","category-aktuality","category-bass-band","category-koncerty"],"_links":{"self":[{"href":"https:\/\/www.slovakdoublebassclub.com\/SK\/wp-json\/wp\/v2\/posts\/2293","targetHints":{"allow":["GET"]}}],"collection":[{"href":"https:\/\/www.slovakdoublebassclub.com\/SK\/wp-json\/wp\/v2\/posts"}],"about":[{"href":"https:\/\/www.slovakdoublebassclub.com\/SK\/wp-json\/wp\/v2\/types\/post"}],"author":[{"embeddable":true,"href":"https:\/\/www.slovakdoublebassclub.com\/SK\/wp-json\/wp\/v2\/users\/6"}],"replies":[{"embeddable":true,"href":"https:\/\/www.slovakdoublebassclub.com\/SK\/wp-json\/wp\/v2\/comments?post=2293"}],"version-history":[{"count":3,"href":"https:\/\/www.slovakdoublebassclub.com\/SK\/wp-json\/wp\/v2\/posts\/2293\/revisions"}],"predecessor-version":[{"id":2297,"href":"https:\/\/www.slovakdoublebassclub.com\/SK\/wp-json\/wp\/v2\/posts\/2293\/revisions\/2297"}],"wp:featuredmedia":[{"embeddable":true,"href":"https:\/\/www.slovakdoublebassclub.com\/SK\/wp-json\/wp\/v2\/media\/2294"}],"wp:attachment":[{"href":"https:\/\/www.slovakdoublebassclub.com\/SK\/wp-json\/wp\/v2\/media?parent=2293"}],"wp:term":[{"taxonomy":"category","embeddable":true,"href":"https:\/\/www.slovakdoublebassclub.com\/SK\/wp-json\/wp\/v2\/categories?post=2293"},{"taxonomy":"post_tag","embeddable":true,"href":"https:\/\/www.slovakdoublebassclub.com\/SK\/wp-json\/wp\/v2\/tags?post=2293"}],"curies":[{"name":"wp","href":"https:\/\/api.w.org\/{rel}","templated":true}]}}