{"id":2441,"date":"2014-06-18T21:31:54","date_gmt":"2014-06-18T19:31:54","guid":{"rendered":"http:\/\/www.slovakdoublebassclub.com\/?p=2441"},"modified":"2014-06-19T21:38:45","modified_gmt":"2014-06-19T19:38:45","slug":"koncert-weichet-nur-betrubte-schatten","status":"publish","type":"post","link":"https:\/\/www.slovakdoublebassclub.com\/SK\/koncert-weichet-nur-betrubte-schatten\/","title":{"rendered":"Koncert &#8222;Weichet nur, betrubte Schatten&#8220;"},"content":{"rendered":"<p>Poz\u00fdvame V\u00e1s na koncert Collegium Wartberg 19.6.2014 do Kleinmariazell (Rak\u00fasko).<\/p>\n<p>&nbsp;<\/p>\n<p><strong>Obsadenie:<\/strong><br \/>\n<b style=\"font-size: 14px;\">Sopran:<\/b><br \/>\nMaria Eckert<b><\/b><br \/>\n<b>1.Husle:<\/b><br \/>\nIlja Korol<br \/>\n<b>2.Husle<\/b><br \/>\nTokio Takeuchi<br \/>\n<b>Viola:<\/b><br \/>\nWolfram Fortin<br \/>\n<b>\u010cembalo<\/b><br \/>\nDimitrij Bondarenko<br \/>\n<b>Hoboj<\/b><br \/>\nKatharina S\u00fcske<br \/>\n<b>8.stopov\u00fd violon:<\/b><br \/>\nJan Krigovsky<br \/>\n<b>Program:<\/b><\/p>\n<p><b>Georg Friedrich H\u00e4ndel\u00a0\u00a0\u00a0\u00a0\u00a0\u00a0\u00a0\u00a0\u00a0\u00a0\u00a0\u00a0\u00a0\u00a0\u00a0\u00a0 Konzert f\u00fcr Oboe, striecher u Basso continuo\u00a0 g-Moll\/ HWV 287\/<\/b><\/p>\n<p>Grave\/Allegro\/Sarabanda\/Allegro<\/p>\n<p>Katharina S\u00fcske<\/p>\n<p><b>\u00a0<\/b><b>Georg Friedrich H\u00e4ndel \u00a0\u00a0\u00a0\u00a0\u00a0\u00a0\u00a0\u00a0\u00a0\u00a0\u00a0\u00a0\u00a0\u00a0\u00a0\u00a0\u00a0Cantata Mi palpita il cor f\u00fcr \u00a0sopran<\/b><\/p>\n<p>Maria Eckert \u2013Sopran<\/p>\n<p><b>Karl Kohaut\u00a0\u00a0\u00a0\u00a0\u00a0\u00a0\u00a0\u00a0\u00a0\u00a0\u00a0\u00a0\u00a0\u00a0\u00a0\u00a0\u00a0\u00a0\u00a0\u00a0\u00a0\u00a0\u00a0\u00a0\u00a0\u00a0\u00a0\u00a0\u00a0\u00a0\u00a0\u00a0\u00a0\u00a0\u00a0\u00a0\u00a0 Concerto per il\u00a0 Contra-Basso ,due violini e Basso in Re maggiore<\/b><\/p>\n<p>Allegro\/Largo\/Presto<\/p>\n<p>Jan Krigovsky \u2013Violone Vienesse solo<\/p>\n<p><b>Pause<\/b><\/p>\n<p><b>\u00a0<\/b><b>Johann Sebastian Bach\u00a0\u00a0\u00a0\u00a0\u00a0\u00a0\u00a0\u00a0\u00a0\u00a0\u00a0\u00a0\u00a0\u00a0\u00a0\u00a0\u00a0 Sonata f\u00fcr Geige und obligate cembalo e-Moll \/BWV 1023\/<\/b><\/p>\n<p>Preludie\/ Adagio ma non tanto\/Allemande\/Gigue<\/p>\n<p>IljaKorol,DimitrijBondarenko,J\u00e1nKrigovsk\u00fd<\/p>\n<p><b>Georg Philipp Telemann \u00a0\u00a0\u00a0\u00a0\u00a0\u00a0\u00a0\u00a0\u00a0\u00a0\u00a0\u00a0\u00a0\u00a0Trio sonate f\u00fcr oboe ,geige und Basso continuo in g-MollTWv 42<\/b><\/p>\n<p>Mesto\/Allegro\/Andante\/ Vivace<\/p>\n<p>Katharina S\u00fcske,IljaKorol,D.Bondarenko,J.Krigovsky,N.N<\/p>\n<p><b>Johann Sebastian Bach\u00a0 \u00a0\u00a0\u00a0\u00a0\u00a0\u00a0\u00a0\u00a0\u00a0\u00a0\u00a0\u00a0\u00a0\u00a0\u00a0\u00a0Hochzeit \u201eKantate-Weidet nur betr\u00fcbten Schatten\u201c\/BWV 202\/<\/b><\/p>\n<p><b>\u00a0\u00a0\u00a0\u00a0\u00a0\u00a0\u00a0\u00a0\u00a0\u00a0\u00a0\u00a0\u00a0\u00a0\u00a0\u00a0\u00a0\u00a0\u00a0\u00a0\u00a0\u00a0\u00a0\u00a0\u00a0\u00a0\u00a0\u00a0\u00a0\u00a0\u00a0\u00a0\u00a0\u00a0\u00a0\u00a0\u00a0\u00a0\u00a0\u00a0\u00a0\u00a0\u00a0\u00a0\u00a0\u00a0\u00a0\u00a0\u00a0\u00a0\u00a0\u00a0\u00a0\u00a0\u00a0\u00a0\u00a0 \u00a0\u00a0f\u00fcr sopran und orchester<\/b><\/p>\n","protected":false},"excerpt":{"rendered":"<p>Poz\u00fdvame V\u00e1s na koncert Collegium Wartberg 19.6.2014 do Kleinmariazell (Rak\u00fasko). &nbsp; Obsadenie: Sopran: Maria Eckert 1.Husle: Ilja Korol 2.Husle Tokio Takeuchi Viola: Wolfram Fortin \u010cembalo Dimitrij Bondarenko Hoboj Katharina S\u00fcske 8.stopov\u00fd violon: Jan Krigovsky Program: Georg Friedrich H\u00e4ndel\u00a0\u00a0\u00a0\u00a0\u00a0\u00a0\u00a0\u00a0\u00a0\u00a0\u00a0\u00a0\u00a0\u00a0\u00a0\u00a0 Konzert f\u00fcr &hellip; <a href=\"https:\/\/www.slovakdoublebassclub.com\/SK\/koncert-weichet-nur-betrubte-schatten\/\">Continued<\/a><\/p>\n","protected":false},"author":6,"featured_media":2442,"comment_status":"closed","ping_status":"open","sticky":false,"template":"","format":"standard","meta":{"ngg_post_thumbnail":0,"footnotes":""},"categories":[13,15],"tags":[],"class_list":["post-2441","post","type-post","status-publish","format-standard","has-post-thumbnail","hentry","category-aktuality","category-koncerty"],"_links":{"self":[{"href":"https:\/\/www.slovakdoublebassclub.com\/SK\/wp-json\/wp\/v2\/posts\/2441","targetHints":{"allow":["GET"]}}],"collection":[{"href":"https:\/\/www.slovakdoublebassclub.com\/SK\/wp-json\/wp\/v2\/posts"}],"about":[{"href":"https:\/\/www.slovakdoublebassclub.com\/SK\/wp-json\/wp\/v2\/types\/post"}],"author":[{"embeddable":true,"href":"https:\/\/www.slovakdoublebassclub.com\/SK\/wp-json\/wp\/v2\/users\/6"}],"replies":[{"embeddable":true,"href":"https:\/\/www.slovakdoublebassclub.com\/SK\/wp-json\/wp\/v2\/comments?post=2441"}],"version-history":[{"count":6,"href":"https:\/\/www.slovakdoublebassclub.com\/SK\/wp-json\/wp\/v2\/posts\/2441\/revisions"}],"predecessor-version":[{"id":2448,"href":"https:\/\/www.slovakdoublebassclub.com\/SK\/wp-json\/wp\/v2\/posts\/2441\/revisions\/2448"}],"wp:featuredmedia":[{"embeddable":true,"href":"https:\/\/www.slovakdoublebassclub.com\/SK\/wp-json\/wp\/v2\/media\/2442"}],"wp:attachment":[{"href":"https:\/\/www.slovakdoublebassclub.com\/SK\/wp-json\/wp\/v2\/media?parent=2441"}],"wp:term":[{"taxonomy":"category","embeddable":true,"href":"https:\/\/www.slovakdoublebassclub.com\/SK\/wp-json\/wp\/v2\/categories?post=2441"},{"taxonomy":"post_tag","embeddable":true,"href":"https:\/\/www.slovakdoublebassclub.com\/SK\/wp-json\/wp\/v2\/tags?post=2441"}],"curies":[{"name":"wp","href":"https:\/\/api.w.org\/{rel}","templated":true}]}}