{"id":2715,"date":"2014-10-10T18:59:53","date_gmt":"2014-10-10T16:59:53","guid":{"rendered":"http:\/\/www.slovakdoublebassclub.com\/?p=2715"},"modified":"2014-11-25T16:21:53","modified_gmt":"2014-11-25T15:21:53","slug":"pozvanka-do-divadla-patrick-suskind-kontrabas","status":"publish","type":"post","link":"https:\/\/www.slovakdoublebassclub.com\/SK\/pozvanka-do-divadla-patrick-suskind-kontrabas\/","title":{"rendered":"Pozv\u00e1nka do divadla&#8230; Patrick S\u00fcskind  &#8211; Kontrabas"},"content":{"rendered":"<p><span style=\"font-family: Calibri; font-size: medium;\">D\u00e1vame V\u00e1m do pozornosti premi\u00e9ru novej divadelnej hry\u00a0<em><b>Kontrabas<\/b><\/em>, od nemeck\u00e9ho dramatika a spisovate\u013ea <em><strong>Patricka S\u00fcskinda<\/strong><\/em>\u00a0v\u00a0r\u00e9\u017eii Romana Pol\u00e1ka. Toto predstavenie je z\u00e1rove\u0148 koncertom, kde sa stretn\u00fa dve gener\u00e1cie \u2013 otec a\u00a0syn. Zahr\u00e1 si skuto\u010dne otec Franti\u0161ek V\u00fdrostko a\u00a0jeho syn Franti\u0161ek V\u00fdrostko ml., ktor\u00fd je profesion\u00e1lnym kontrabasistom.<\/span><\/p>\n<p><span style=\"font-family: Calibri; font-size: medium;\">Verejn\u00e1 gener\u00e1lka predstavenia je\u00a0<b>16.10.2014<\/b>\u00a0o\u00a0<b>10:00<\/b>, kde je \u0161tudentsk\u00e9 vstupn\u00e9 5\u20ac a\u00a0pedagogick\u00fd dozor zdarma.<\/span><\/p>\n<p><span style=\"font-family: Calibri; font-size: medium;\">Premi\u00e9ra hry je\u00a0<b>17.10.2014<\/b>\u00a0o\u00a0<b>19:00<\/b>\u00a0a\u00a0n\u00e1sledne\u00a0<b>23.10.2014<\/b>\u00a0o\u00a0<b>19:00<\/b>.<\/span><\/p>\n<p><span style=\"font-family: Calibri; font-size: medium;\">Viac inform\u00e1cii n\u00e1jdete <a href=\"http:\/\/www.mestskedivadlo.sk\/repertoar\/kontrabas-patrick-sueskind\/\">tu!<\/a><br \/>\n<\/span><\/p>\n<p>&nbsp;<\/p>\n<p>&nbsp;<\/p>\n<div id=\"content\">\n<h1>KONTRABAS, Patrick S\u00fcskind<\/h1>\n<div><\/div>\n<p>Monodr\u00e1ma nemeck\u00e9ho dramatika a\u00a0spisovate\u013ea Patricka S\u00fcskinda je slovenskej divadelnej verejnosti zn\u00e1ma pretov\u0161etk\u00fdm v\u010faka ve\u013emi \u00faspe\u0161n\u00e9mu na\u0161tudovaniu v\u00a0\u0160t\u00fadiu L+S\u00a0v\u00a0hlavnej \u00falohe s\u00a0Martinom Hubom. Od\u00a0svojej premi\u00e9ry v\u00a0roku 1988 sa hrala neuverite\u013en\u00fdch 24 divadeln\u00fdch sez\u00f3n. Bratislavsk\u00e9 Mestsk\u00e9 divadlo P. O. Hviezdoslava v\u00a0spolupr\u00e1ci so\u00a0Slovensk\u00fdm komorn\u00fdm divadlom Martin pon\u00faka nov\u00fd poh\u013ead na\u00a0tento sl\u00e1vny text a\u00a0nemenej sl\u00e1vnu inscena\u010dn\u00fa trad\u00edciu.<br \/>\nNov\u00e9 na\u0161tudovanie v\u00a0r\u00e9\u017eii Romana Pol\u00e1ka bude divadeln\u00fdm predstaven\u00edm i\u00a0koncertom z\u00e1rove\u0148. Je divadeln\u00fdm stretnut\u00edm gener\u00e1ci\u00ed, stretnut\u00edm otca so\u00a0synom, stretnut\u00edm \u010dloveka s\u00a0minulos\u0165ou, so\u00a0sebou sam\u00fdm. V\u00a0hlavn\u00fdch \u00faloh\u00e1ch sa predstavia herec Franti\u0161ek V\u00fdrostko, ktor\u00fd je hercom\u00a0a\u00a0jeho syn Franti\u0161ek V\u00fdrostko mlad\u0161\u00ed, ktor\u00fd je pr\u00e1ve\u00a0hr\u00e1 na\u00a0kontrabas, je koncertn\u00fdm umelcom p\u00f4sobiacim v\u00a0mnoh\u00fdch dom\u00e1cich i\u00a0zahrani\u010dn\u00fdch teles\u00e1ch so\u00a0zameran\u00edm na\u00a0s\u00fa\u010dasn\u00fa v\u00e1\u017enu tzv. nov\u00fa hudbu. A\u00a0tento \u017e\u00e1ner zaznie aj v\u00a0pripravovanej inscen\u00e1cii.<\/p>\n<p><i>\u201eKa\u017ed\u00fd muzikant v\u00e1m ochotne potvrd\u00ed, \u017ee orchester m\u00f4\u017ee hocikedy existova\u0165 bez dirigenta, ale nikdy nie bez kontrabasu. Osobne v\u00e1m m\u00f4\u017eem potvrdi\u0165, \u017ee dokonca my v\u00a0orchestri hr\u00e1vame ob\u010das celkom po\u00a0svojom, akoby tam dirigent ani nebol. A\u00a0st\u00e1va sa, \u017ee hr\u00e1me akoby tam nebol a\u00a0ani on s\u00e1m si to nev\u0161imne. Nech\u00e1me ho, nech si \u0161ibrinkuje taktovkou, nech si m\u00e1va ako chce,\u00a0a\u00a0my si ideme vlastnou cestou.\u201c<\/i><\/p>\n<p>S\u00fcskindov text je v\u00fdchodiskom pre\u00a0hereck\u00fa interpreta\u010dn\u00fa virtuozitu. Ver\u00edme, \u017ee\u00a0spojen\u00edm s\u00a0virtuozitou hudobn\u00edckou vznikne atrakt\u00edvna inscen\u00e1cia, pon\u00fakaj\u00faca nov\u00fa vari\u00e1ciu sl\u00e1vneho textu Patrika S\u00fcskinda.<br \/>\nUmeleck\u00e9 amb\u00edcie tohto projektu dokazuje skuto\u010dnos\u0165, \u017ee s\u00a0na\u0161tudovan\u00edm prich\u00e1dza jedna z\u00a0najv\u00fdznamnej\u0161\u00edch osobnost\u00ed slovenskej divadelnej r\u00e9\u017eie Roman Pol\u00e1k, ktor\u00fd je re\u017eis\u00e9rom a\u00a0riadite\u013eom \u010cinohry SND v\u00a0Bratislave.<\/p>\n<p><strong>R\u00e9\u017eia:<\/strong>\u00a0Roman Pol\u00e1k<br \/>\n<strong>Dramaturgia:<\/strong>\u00a0R\u00f3bert Mankoveck\u00fd<br \/>\n<strong>Sc\u00e9na a\u00a0kost\u00fdm:<\/strong>\u00a0Jozef Ciller<\/p>\n<p><strong>Osoby a\u00a0obsadenie:<\/strong><br \/>\nFranti\u0161ek V\u00fdrostko a\u00a0Franti\u0161ek V\u00fdrostko ml.<\/p>\n<\/div>\n","protected":false},"excerpt":{"rendered":"<p>D\u00e1vame V\u00e1m do pozornosti premi\u00e9ru novej divadelnej hry\u00a0Kontrabas, od nemeck\u00e9ho dramatika a spisovate\u013ea Patricka S\u00fcskinda\u00a0v\u00a0r\u00e9\u017eii Romana Pol\u00e1ka. Toto predstavenie je z\u00e1rove\u0148 koncertom, kde sa stretn\u00fa dve gener\u00e1cie \u2013 otec a\u00a0syn. Zahr\u00e1 si skuto\u010dne otec Franti\u0161ek V\u00fdrostko a\u00a0jeho syn Franti\u0161ek V\u00fdrostko &hellip; <a href=\"https:\/\/www.slovakdoublebassclub.com\/SK\/pozvanka-do-divadla-patrick-suskind-kontrabas\/\">Continued<\/a><\/p>\n","protected":false},"author":5,"featured_media":2716,"comment_status":"closed","ping_status":"open","sticky":false,"template":"","format":"standard","meta":{"ngg_post_thumbnail":0,"footnotes":""},"categories":[13],"tags":[],"class_list":["post-2715","post","type-post","status-publish","format-standard","has-post-thumbnail","hentry","category-aktuality"],"_links":{"self":[{"href":"https:\/\/www.slovakdoublebassclub.com\/SK\/wp-json\/wp\/v2\/posts\/2715","targetHints":{"allow":["GET"]}}],"collection":[{"href":"https:\/\/www.slovakdoublebassclub.com\/SK\/wp-json\/wp\/v2\/posts"}],"about":[{"href":"https:\/\/www.slovakdoublebassclub.com\/SK\/wp-json\/wp\/v2\/types\/post"}],"author":[{"embeddable":true,"href":"https:\/\/www.slovakdoublebassclub.com\/SK\/wp-json\/wp\/v2\/users\/5"}],"replies":[{"embeddable":true,"href":"https:\/\/www.slovakdoublebassclub.com\/SK\/wp-json\/wp\/v2\/comments?post=2715"}],"version-history":[{"count":2,"href":"https:\/\/www.slovakdoublebassclub.com\/SK\/wp-json\/wp\/v2\/posts\/2715\/revisions"}],"predecessor-version":[{"id":3079,"href":"https:\/\/www.slovakdoublebassclub.com\/SK\/wp-json\/wp\/v2\/posts\/2715\/revisions\/3079"}],"wp:featuredmedia":[{"embeddable":true,"href":"https:\/\/www.slovakdoublebassclub.com\/SK\/wp-json\/wp\/v2\/media\/2716"}],"wp:attachment":[{"href":"https:\/\/www.slovakdoublebassclub.com\/SK\/wp-json\/wp\/v2\/media?parent=2715"}],"wp:term":[{"taxonomy":"category","embeddable":true,"href":"https:\/\/www.slovakdoublebassclub.com\/SK\/wp-json\/wp\/v2\/categories?post=2715"},{"taxonomy":"post_tag","embeddable":true,"href":"https:\/\/www.slovakdoublebassclub.com\/SK\/wp-json\/wp\/v2\/tags?post=2715"}],"curies":[{"name":"wp","href":"https:\/\/api.w.org\/{rel}","templated":true}]}}