{"id":27414,"date":"2022-06-03T19:55:25","date_gmt":"2022-06-03T17:55:25","guid":{"rendered":"https:\/\/www.slovakdoublebassclub.com\/?p=27414"},"modified":"2022-06-03T19:55:25","modified_gmt":"2022-06-03T17:55:25","slug":"vitezoslav-kubicka-medvedku-daj-labku","status":"publish","type":"post","link":"https:\/\/www.slovakdoublebassclub.com\/SK\/vitezoslav-kubicka-medvedku-daj-labku\/","title":{"rendered":"V\u00edtezoslav Kubi\u010dka: &#8222;Medve\u010fku daj labku&#8220;"},"content":{"rendered":"<p style=\"text-align: center;\"><strong>Predstavujeme V\u00e1m ed\u00edciu n\u00f4t venovan\u00fa de\u0165om.<\/strong><\/p>\n<p style=\"text-align: center;\">V\u010faka skladate\u013eovi <strong>V\u00edtezoslavovi Kubi\u010dkovi<\/strong> sa n\u00e1m podarilo v predch\u00e1dzaj\u00facom obdob\u00ed uskuto\u010dni\u0165 projekt &#8222;Medve\u010fku daj labku&#8220;. Z\u00e1merom bolo a je podpori\u0165 najmlad\u0161iu gener\u00e1ciu, deti a hudobn\u00fd dorast v hre na kontrabase. Skladbi\u010dkami \u0161it\u00fdmi na mieru sa maj\u00fa mo\u017enos\u0165 zapoji\u0165 do kontrabasov\u00e9ho ans\u00e1mblu a tak motivova\u0165 a podpori\u0165 svoju hudobn\u00fa predstavivos\u0165, muzikalitu a techniku v hre na kontrabas od \u00fatleho veku.&nbsp;<\/p>\n<p style=\"text-align: center;\">Noty je mo\u017en\u00e9 objedna\u0165 v na\u0161om Eshope.<\/p>\n<p style=\"text-align: center;\"><strong>SDBC<\/strong><\/p>\n<p>&nbsp;<\/p>\n<p style=\"text-align: center;\"><a href=\"https:\/\/www.slovakdoublebassclub.com\/wp-content\/uploads\/2022\/06\/FIN_obalka-medvedku_predna_EAN_page-0001.jpg\"><img loading=\"lazy\" decoding=\"async\" class=\"alignnone size-large wp-image-27415 aligncenter\" src=\"https:\/\/www.slovakdoublebassclub.com\/wp-content\/uploads\/2022\/06\/FIN_obalka-medvedku_predna_EAN_page-0001-686x1024.jpg\" alt=\"\" width=\"686\" height=\"1024\" srcset=\"https:\/\/www.slovakdoublebassclub.com\/wp-content\/uploads\/2022\/06\/FIN_obalka-medvedku_predna_EAN_page-0001-686x1024.jpg 686w, https:\/\/www.slovakdoublebassclub.com\/wp-content\/uploads\/2022\/06\/FIN_obalka-medvedku_predna_EAN_page-0001-201x300.jpg 201w, https:\/\/www.slovakdoublebassclub.com\/wp-content\/uploads\/2022\/06\/FIN_obalka-medvedku_predna_EAN_page-0001-768x1147.jpg 768w, https:\/\/www.slovakdoublebassclub.com\/wp-content\/uploads\/2022\/06\/FIN_obalka-medvedku_predna_EAN_page-0001-1028x1536.jpg 1028w, https:\/\/www.slovakdoublebassclub.com\/wp-content\/uploads\/2022\/06\/FIN_obalka-medvedku_predna_EAN_page-0001-600x896.jpg 600w, https:\/\/www.slovakdoublebassclub.com\/wp-content\/uploads\/2022\/06\/FIN_obalka-medvedku_predna_EAN_page-0001.jpg 1189w\" sizes=\"auto, (max-width: 686px) 100vw, 686px\" \/><\/a><\/p>\n<p style=\"text-align: center;\">&nbsp;<\/p>\n<div class=\"page\" title=\"Page 10\">\n<div class=\"section\">\n<div class=\"layoutArea\">\n<div class=\"column\">\n<p style=\"text-align: center;\"><strong>Z verejn\u00fdch zdrojov<\/strong><br \/>\n<strong>podporil Fond na podporu umenia.<\/strong><\/p>\n<\/div>\n<\/div>\n<\/div>\n<\/div>\n<p><a href=\"https:\/\/www.slovakdoublebassclub.com\/wp-content\/uploads\/2017\/02\/FPU_logo1_modre-scaled.jpg\"><img loading=\"lazy\" decoding=\"async\" class=\"wp-image-4406 aligncenter\" src=\"https:\/\/www.slovakdoublebassclub.com\/wp-content\/uploads\/2017\/02\/FPU_logo1_modre-1024x768.jpg\" alt=\"\" width=\"430\" height=\"322\" srcset=\"https:\/\/www.slovakdoublebassclub.com\/wp-content\/uploads\/2017\/02\/FPU_logo1_modre-1024x768.jpg 1024w, https:\/\/www.slovakdoublebassclub.com\/wp-content\/uploads\/2017\/02\/FPU_logo1_modre-600x450.jpg 600w, https:\/\/www.slovakdoublebassclub.com\/wp-content\/uploads\/2017\/02\/FPU_logo1_modre-300x225.jpg 300w, https:\/\/www.slovakdoublebassclub.com\/wp-content\/uploads\/2017\/02\/FPU_logo1_modre-768x576.jpg 768w\" sizes=\"auto, (max-width: 430px) 100vw, 430px\" \/><\/a><\/p>\n","protected":false},"excerpt":{"rendered":"<p>Predstavujeme V\u00e1m ed\u00edciu n\u00f4t venovan\u00fa de\u0165om. V\u010faka skladate\u013eovi V\u00edtezoslavovi Kubi\u010dkovi sa n\u00e1m podarilo v predch\u00e1dzaj\u00facom obdob\u00ed uskuto\u010dni\u0165 projekt &#8222;Medve\u010fku daj labku&#8220;. Z\u00e1merom bolo a je podpori\u0165 najmlad\u0161iu gener\u00e1ciu, deti a hudobn\u00fd dorast v hre na kontrabase. Skladbi\u010dkami \u0161it\u00fdmi na mieru &hellip; <a href=\"https:\/\/www.slovakdoublebassclub.com\/SK\/vitezoslav-kubicka-medvedku-daj-labku\/\">Continued<\/a><\/p>\n","protected":false},"author":5,"featured_media":27415,"comment_status":"closed","ping_status":"open","sticky":false,"template":"","format":"standard","meta":{"ngg_post_thumbnail":0,"footnotes":""},"categories":[1],"tags":[],"class_list":["post-27414","post","type-post","status-publish","format-standard","has-post-thumbnail","hentry","category-uncategorized"],"_links":{"self":[{"href":"https:\/\/www.slovakdoublebassclub.com\/SK\/wp-json\/wp\/v2\/posts\/27414","targetHints":{"allow":["GET"]}}],"collection":[{"href":"https:\/\/www.slovakdoublebassclub.com\/SK\/wp-json\/wp\/v2\/posts"}],"about":[{"href":"https:\/\/www.slovakdoublebassclub.com\/SK\/wp-json\/wp\/v2\/types\/post"}],"author":[{"embeddable":true,"href":"https:\/\/www.slovakdoublebassclub.com\/SK\/wp-json\/wp\/v2\/users\/5"}],"replies":[{"embeddable":true,"href":"https:\/\/www.slovakdoublebassclub.com\/SK\/wp-json\/wp\/v2\/comments?post=27414"}],"version-history":[{"count":1,"href":"https:\/\/www.slovakdoublebassclub.com\/SK\/wp-json\/wp\/v2\/posts\/27414\/revisions"}],"predecessor-version":[{"id":27416,"href":"https:\/\/www.slovakdoublebassclub.com\/SK\/wp-json\/wp\/v2\/posts\/27414\/revisions\/27416"}],"wp:featuredmedia":[{"embeddable":true,"href":"https:\/\/www.slovakdoublebassclub.com\/SK\/wp-json\/wp\/v2\/media\/27415"}],"wp:attachment":[{"href":"https:\/\/www.slovakdoublebassclub.com\/SK\/wp-json\/wp\/v2\/media?parent=27414"}],"wp:term":[{"taxonomy":"category","embeddable":true,"href":"https:\/\/www.slovakdoublebassclub.com\/SK\/wp-json\/wp\/v2\/categories?post=27414"},{"taxonomy":"post_tag","embeddable":true,"href":"https:\/\/www.slovakdoublebassclub.com\/SK\/wp-json\/wp\/v2\/tags?post=27414"}],"curies":[{"name":"wp","href":"https:\/\/api.w.org\/{rel}","templated":true}]}}