{"id":4739,"date":"2018-02-13T23:52:56","date_gmt":"2018-02-13T22:52:56","guid":{"rendered":"http:\/\/www.slovakdoublebassclub.com\/?p=4739"},"modified":"2018-05-13T23:57:49","modified_gmt":"2018-05-13T21:57:49","slug":"festival-of-moric-benovsky-in-vrbove","status":"publish","type":"post","link":"https:\/\/www.slovakdoublebassclub.com\/SK\/festival-of-moric-benovsky-in-vrbove\/","title":{"rendered":"Festival M\u00f3rica Be\u0148ovsk\u00e9ho vo Vrbovom"},"content":{"rendered":"<p style=\"text-align: center;\">Ak sa nach\u00e1dzate v bl\u00edzkosti kr\u00e1sneho meste\u010dka Vrbov\u00e9, pr\u00edjmite na\u0161e pozvanie na <strong>festival M\u00f3rica Be\u0148ovsk\u00e9ho<\/strong>.<\/p>\n<p style=\"text-align: center;\">Festival sa kon\u00e1 pod z\u00e1\u0161titou prim\u00e1torky mesta Dott. Mgr. Emy Maggiovej<\/p>\n<p><a href=\"http:\/\/www.slovakdoublebassclub.com\/wp-content\/uploads\/2018\/05\/Plagat_-Festival-Moric-Benovsky-NEW.jpg\"><img loading=\"lazy\" decoding=\"async\" class=\"alignnone size-large wp-image-4740\" src=\"http:\/\/www.slovakdoublebassclub.com\/wp-content\/uploads\/2018\/05\/Plagat_-Festival-Moric-Benovsky-NEW-724x1024.jpg\" alt=\"\" width=\"724\" height=\"1024\" srcset=\"https:\/\/www.slovakdoublebassclub.com\/wp-content\/uploads\/2018\/05\/Plagat_-Festival-Moric-Benovsky-NEW-724x1024.jpg 724w, https:\/\/www.slovakdoublebassclub.com\/wp-content\/uploads\/2018\/05\/Plagat_-Festival-Moric-Benovsky-NEW-600x849.jpg 600w, https:\/\/www.slovakdoublebassclub.com\/wp-content\/uploads\/2018\/05\/Plagat_-Festival-Moric-Benovsky-NEW-212x300.jpg 212w, https:\/\/www.slovakdoublebassclub.com\/wp-content\/uploads\/2018\/05\/Plagat_-Festival-Moric-Benovsky-NEW-768x1086.jpg 768w, https:\/\/www.slovakdoublebassclub.com\/wp-content\/uploads\/2018\/05\/Plagat_-Festival-Moric-Benovsky-NEW.jpg 1240w\" sizes=\"auto, (max-width: 724px) 100vw, 724px\" \/><\/a><\/p>\n<p>&nbsp;","protected":false},"excerpt":{"rendered":"<p>Ak sa nach\u00e1dzate v bl\u00edzkosti kr\u00e1sneho meste\u010dka Vrbov\u00e9, pr\u00edjmite na\u0161e pozvanie na festival M\u00f3rica Be\u0148ovsk\u00e9ho. Festival sa kon\u00e1 pod z\u00e1\u0161titou prim\u00e1torky mesta Dott. Mgr. Emy Maggiovej &nbsp;<\/p>\n","protected":false},"author":5,"featured_media":4740,"comment_status":"closed","ping_status":"open","sticky":false,"template":"","format":"standard","meta":{"ngg_post_thumbnail":0,"footnotes":""},"categories":[13,15],"tags":[],"class_list":["post-4739","post","type-post","status-publish","format-standard","has-post-thumbnail","hentry","category-aktuality","category-koncerty"],"_links":{"self":[{"href":"https:\/\/www.slovakdoublebassclub.com\/SK\/wp-json\/wp\/v2\/posts\/4739","targetHints":{"allow":["GET"]}}],"collection":[{"href":"https:\/\/www.slovakdoublebassclub.com\/SK\/wp-json\/wp\/v2\/posts"}],"about":[{"href":"https:\/\/www.slovakdoublebassclub.com\/SK\/wp-json\/wp\/v2\/types\/post"}],"author":[{"embeddable":true,"href":"https:\/\/www.slovakdoublebassclub.com\/SK\/wp-json\/wp\/v2\/users\/5"}],"replies":[{"embeddable":true,"href":"https:\/\/www.slovakdoublebassclub.com\/SK\/wp-json\/wp\/v2\/comments?post=4739"}],"version-history":[{"count":1,"href":"https:\/\/www.slovakdoublebassclub.com\/SK\/wp-json\/wp\/v2\/posts\/4739\/revisions"}],"predecessor-version":[{"id":4741,"href":"https:\/\/www.slovakdoublebassclub.com\/SK\/wp-json\/wp\/v2\/posts\/4739\/revisions\/4741"}],"wp:featuredmedia":[{"embeddable":true,"href":"https:\/\/www.slovakdoublebassclub.com\/SK\/wp-json\/wp\/v2\/media\/4740"}],"wp:attachment":[{"href":"https:\/\/www.slovakdoublebassclub.com\/SK\/wp-json\/wp\/v2\/media?parent=4739"}],"wp:term":[{"taxonomy":"category","embeddable":true,"href":"https:\/\/www.slovakdoublebassclub.com\/SK\/wp-json\/wp\/v2\/categories?post=4739"},{"taxonomy":"post_tag","embeddable":true,"href":"https:\/\/www.slovakdoublebassclub.com\/SK\/wp-json\/wp\/v2\/tags?post=4739"}],"curies":[{"name":"wp","href":"https:\/\/api.w.org\/{rel}","templated":true}]}}